{"id":9432,"date":"2017-07-04T04:34:43","date_gmt":"2017-07-04T04:34:43","guid":{"rendered":"http:\/\/piekarscy.com.pl\/?p=9432"},"modified":"2017-07-02T16:39:38","modified_gmt":"2017-07-02T16:39:38","slug":"babcia-z-wujkiem-tacy-jak-ich-najlepiej-pamietam","status":"publish","type":"post","link":"http:\/\/piekarscy.com.pl\/?p=9432","title":{"rendered":"Babcia z wujkiem tacy, jak ich najlepiej pami\u0119tam"},"content":{"rendered":"<p>To zdj\u0119cie niezwykle lubi\u0119, bo przedstawia moj\u0105 babci\u0119 Konstancj\u0119 Stecow\u0105 (1898-1984) i jej syna, a mojego wujka Stefana Steca (1927-1980) takimi, jakimi ich oboje zapami\u0119ta\u0142am. Wujek zmar\u0142 wcze\u015bniej ni\u017c babcia. Pami\u0119tam jak wszyscy bali si\u0119 jej powiedzie\u0107, \u017ce prze\u017cy\u0142a swojego syna. W ko\u0144cu w czasie okupacji zmar\u0142a jej c\u00f3rka.<\/p>\n<p><a href=\"http:\/\/piekarscy.com.pl\/wp-content\/uploads\/2017\/07\/41.jpg\"><img loading=\"lazy\" decoding=\"async\" class=\"aligncenter wp-image-9433 size-medium\" src=\"http:\/\/piekarscy.com.pl\/wp-content\/uploads\/2017\/07\/41-300x203.jpg\" alt=\"\" width=\"300\" height=\"203\" srcset=\"http:\/\/piekarscy.com.pl\/wp-content\/uploads\/2017\/07\/41-300x203.jpg 300w, http:\/\/piekarscy.com.pl\/wp-content\/uploads\/2017\/07\/41-1024x692.jpg 1024w, http:\/\/piekarscy.com.pl\/wp-content\/uploads\/2017\/07\/41-624x422.jpg 624w\" sizes=\"auto, (max-width: 300px) 100vw, 300px\" \/><\/a><\/p>\n","protected":false},"excerpt":{"rendered":"<p>To zdj\u0119cie niezwykle lubi\u0119, bo przedstawia moj\u0105 babci\u0119 Konstancj\u0119 Stecow\u0105 (1898-1984) i jej syna, a mojego wujka Stefana Steca (1927-1980) takimi, jakimi ich oboje zapami\u0119ta\u0142am. Wujek zmar\u0142 wcze\u015bniej ni\u017c babcia. Pami\u0119tam jak wszyscy bali si\u0119 jej powiedzie\u0107, \u017ce prze\u017cy\u0142a swojego syna. W ko\u0144cu w czasie okupacji zmar\u0142a jej c\u00f3rka.<\/p>\n","protected":false},"author":1,"featured_media":0,"comment_status":"closed","ping_status":"closed","sticky":false,"template":"","format":"standard","meta":{"footnotes":""},"categories":[13,12],"tags":[102,118,120,133],"class_list":["post-9432","post","type-post","status-publish","format-standard","hentry","category-kurzynscy","category-stec","tag-fotografia","tag-konstancja-kurzynska","tag-konstancja-z-kurzynskich-stecowa","tag-stefan-stec"],"_links":{"self":[{"href":"http:\/\/piekarscy.com.pl\/index.php?rest_route=\/wp\/v2\/posts\/9432","targetHints":{"allow":["GET"]}}],"collection":[{"href":"http:\/\/piekarscy.com.pl\/index.php?rest_route=\/wp\/v2\/posts"}],"about":[{"href":"http:\/\/piekarscy.com.pl\/index.php?rest_route=\/wp\/v2\/types\/post"}],"author":[{"embeddable":true,"href":"http:\/\/piekarscy.com.pl\/index.php?rest_route=\/wp\/v2\/users\/1"}],"replies":[{"embeddable":true,"href":"http:\/\/piekarscy.com.pl\/index.php?rest_route=%2Fwp%2Fv2%2Fcomments&post=9432"}],"version-history":[{"count":3,"href":"http:\/\/piekarscy.com.pl\/index.php?rest_route=\/wp\/v2\/posts\/9432\/revisions"}],"predecessor-version":[{"id":9436,"href":"http:\/\/piekarscy.com.pl\/index.php?rest_route=\/wp\/v2\/posts\/9432\/revisions\/9436"}],"wp:attachment":[{"href":"http:\/\/piekarscy.com.pl\/index.php?rest_route=%2Fwp%2Fv2%2Fmedia&parent=9432"}],"wp:term":[{"taxonomy":"category","embeddable":true,"href":"http:\/\/piekarscy.com.pl\/index.php?rest_route=%2Fwp%2Fv2%2Fcategories&post=9432"},{"taxonomy":"post_tag","embeddable":true,"href":"http:\/\/piekarscy.com.pl\/index.php?rest_route=%2Fwp%2Fv2%2Ftags&post=9432"}],"curies":[{"name":"wp","href":"https:\/\/api.w.org\/{rel}","templated":true}]}}