{"id":9444,"date":"2017-07-06T04:51:28","date_gmt":"2017-07-06T04:51:28","guid":{"rendered":"http:\/\/piekarscy.com.pl\/?p=9444"},"modified":"2017-07-02T17:04:07","modified_gmt":"2017-07-02T17:04:07","slug":"szczecinski-pochod-1-majowy","status":"publish","type":"post","link":"http:\/\/piekarscy.com.pl\/?p=9444","title":{"rendered":"Szczeci\u0144ski poch\u00f3d 1-majowy"},"content":{"rendered":"<p>To zdj\u0119cie z jakiego\u015b pochodu pierwszomajowego w Szczecinie w latach 50. Na przedzie moje cioteczne rodze\u0144stwo Danusia Stec (1948-2017) i Maciek Stec (1945-1967).\u00a0<a href=\"http:\/\/piekarscy.com.pl\/wp-content\/uploads\/2017\/07\/153.jpg\"><img loading=\"lazy\" decoding=\"async\" class=\"aligncenter wp-image-9445 size-medium\" src=\"http:\/\/piekarscy.com.pl\/wp-content\/uploads\/2017\/07\/153-300x186.jpg\" alt=\"\" width=\"300\" height=\"186\" srcset=\"http:\/\/piekarscy.com.pl\/wp-content\/uploads\/2017\/07\/153-300x186.jpg 300w, http:\/\/piekarscy.com.pl\/wp-content\/uploads\/2017\/07\/153-1024x634.jpg 1024w, http:\/\/piekarscy.com.pl\/wp-content\/uploads\/2017\/07\/153-624x387.jpg 624w, http:\/\/piekarscy.com.pl\/wp-content\/uploads\/2017\/07\/153.jpg 1961w\" sizes=\"auto, (max-width: 300px) 100vw, 300px\" \/><\/a><\/p>\n","protected":false},"excerpt":{"rendered":"<p>To zdj\u0119cie z jakiego\u015b pochodu pierwszomajowego w Szczecinie w latach 50. Na przedzie moje cioteczne rodze\u0144stwo Danusia Stec (1948-2017) i Maciek Stec (1945-1967).\u00a0<\/p>\n","protected":false},"author":1,"featured_media":0,"comment_status":"closed","ping_status":"closed","sticky":false,"template":"","format":"standard","meta":{"footnotes":""},"categories":[12],"tags":[1296,240,1297,102,1269,1270,599],"class_list":["post-9444","post","type-post","status-publish","format-standard","hentry","category-stec","tag-danuta-hennig","tag-danuta-stec","tag-danuta-ze-stecow-hennig","tag-fotografia","tag-leszek-maciej-stec","tag-maciej-stec","tag-zdjecie"],"_links":{"self":[{"href":"http:\/\/piekarscy.com.pl\/index.php?rest_route=\/wp\/v2\/posts\/9444","targetHints":{"allow":["GET"]}}],"collection":[{"href":"http:\/\/piekarscy.com.pl\/index.php?rest_route=\/wp\/v2\/posts"}],"about":[{"href":"http:\/\/piekarscy.com.pl\/index.php?rest_route=\/wp\/v2\/types\/post"}],"author":[{"embeddable":true,"href":"http:\/\/piekarscy.com.pl\/index.php?rest_route=\/wp\/v2\/users\/1"}],"replies":[{"embeddable":true,"href":"http:\/\/piekarscy.com.pl\/index.php?rest_route=%2Fwp%2Fv2%2Fcomments&post=9444"}],"version-history":[{"count":3,"href":"http:\/\/piekarscy.com.pl\/index.php?rest_route=\/wp\/v2\/posts\/9444\/revisions"}],"predecessor-version":[{"id":9448,"href":"http:\/\/piekarscy.com.pl\/index.php?rest_route=\/wp\/v2\/posts\/9444\/revisions\/9448"}],"wp:attachment":[{"href":"http:\/\/piekarscy.com.pl\/index.php?rest_route=%2Fwp%2Fv2%2Fmedia&parent=9444"}],"wp:term":[{"taxonomy":"category","embeddable":true,"href":"http:\/\/piekarscy.com.pl\/index.php?rest_route=%2Fwp%2Fv2%2Fcategories&post=9444"},{"taxonomy":"post_tag","embeddable":true,"href":"http:\/\/piekarscy.com.pl\/index.php?rest_route=%2Fwp%2Fv2%2Ftags&post=9444"}],"curies":[{"name":"wp","href":"https:\/\/api.w.org\/{rel}","templated":true}]}}