{"id":9449,"date":"2017-07-07T04:05:03","date_gmt":"2017-07-07T04:05:03","guid":{"rendered":"http:\/\/piekarscy.com.pl\/?p=9449"},"modified":"2017-07-02T17:15:17","modified_gmt":"2017-07-02T17:15:17","slug":"w-szczecinie-na-tarasie","status":"publish","type":"post","link":"http:\/\/piekarscy.com.pl\/?p=9449","title":{"rendered":"W Szczecinie na tarasie"},"content":{"rendered":"<p>Oto Ciocia Berta z Momoci\u0144skich Stecowa z moj\u0105 Babci\u0105 (a swoja te\u015bciow\u0105) Konstancj\u0105 z Kurzy\u0144skich Stecow\u0105, swoj\u0105 mam\u0105 Genowef\u0105 z Dom\u017calskich Momoci\u0144sk\u0105 oraz dzie\u0107mi, a moim ciotecznym rodze\u0144stwem &#8211; Ma\u0107kiem i Danusi\u0105. Zdj\u0119cie zrobione w Szczecinie na tarasie ich domu.<\/p>\n<p><a href=\"http:\/\/piekarscy.com.pl\/wp-content\/uploads\/2017\/07\/11.jpg\"><img loading=\"lazy\" decoding=\"async\" class=\"aligncenter wp-image-9450 size-medium\" src=\"http:\/\/piekarscy.com.pl\/wp-content\/uploads\/2017\/07\/11-300x200.jpg\" alt=\"\" width=\"300\" height=\"200\" srcset=\"http:\/\/piekarscy.com.pl\/wp-content\/uploads\/2017\/07\/11-300x200.jpg 300w, http:\/\/piekarscy.com.pl\/wp-content\/uploads\/2017\/07\/11-1024x683.jpg 1024w, http:\/\/piekarscy.com.pl\/wp-content\/uploads\/2017\/07\/11-624x416.jpg 624w\" sizes=\"auto, (max-width: 300px) 100vw, 300px\" \/><\/a><\/p>\n<p>&nbsp;<\/p>\n","protected":false},"excerpt":{"rendered":"<p>Oto Ciocia Berta z Momoci\u0144skich Stecowa z moj\u0105 Babci\u0105 (a swoja te\u015bciow\u0105) Konstancj\u0105 z Kurzy\u0144skich Stecow\u0105, swoj\u0105 mam\u0105 Genowef\u0105 z Dom\u017calskich Momoci\u0144sk\u0105 oraz dzie\u0107mi, a moim ciotecznym rodze\u0144stwem &#8211; Ma\u0107kiem i Danusi\u0105. Zdj\u0119cie zrobione w Szczecinie na tarasie ich domu. &nbsp;<\/p>\n","protected":false},"author":1,"featured_media":0,"comment_status":"closed","ping_status":"closed","sticky":false,"template":"","format":"standard","meta":{"footnotes":""},"categories":[1285,13,1262,12],"tags":[1263,1271,1293,1292,1272,1294,1296,240,1297,102,1291,1290,1289,118,119,1295,120,1269,1270,599],"class_list":["post-9449","post","type-post","status-publish","format-standard","hentry","category-domzalscy","category-kurzynscy","category-momocinscy","category-stec","tag-bernarda-momocinska","tag-bernarda-stec","tag-bernarda-stecowa","tag-bernarda-z-momocinskich-stecowa","tag-berta-stec","tag-berta-stecowa","tag-danuta-hennig","tag-danuta-stec","tag-danuta-ze-stecow-hennig","tag-fotografia","tag-genowefa-domzalska","tag-genowefa-momocinska","tag-genowefa-z-domzalskich-momocinska","tag-konstancja-kurzynska","tag-konstancja-stec","tag-konstancja-stecowa","tag-konstancja-z-kurzynskich-stecowa","tag-leszek-maciej-stec","tag-maciej-stec","tag-zdjecie"],"_links":{"self":[{"href":"http:\/\/piekarscy.com.pl\/index.php?rest_route=\/wp\/v2\/posts\/9449","targetHints":{"allow":["GET"]}}],"collection":[{"href":"http:\/\/piekarscy.com.pl\/index.php?rest_route=\/wp\/v2\/posts"}],"about":[{"href":"http:\/\/piekarscy.com.pl\/index.php?rest_route=\/wp\/v2\/types\/post"}],"author":[{"embeddable":true,"href":"http:\/\/piekarscy.com.pl\/index.php?rest_route=\/wp\/v2\/users\/1"}],"replies":[{"embeddable":true,"href":"http:\/\/piekarscy.com.pl\/index.php?rest_route=%2Fwp%2Fv2%2Fcomments&post=9449"}],"version-history":[{"count":1,"href":"http:\/\/piekarscy.com.pl\/index.php?rest_route=\/wp\/v2\/posts\/9449\/revisions"}],"predecessor-version":[{"id":9451,"href":"http:\/\/piekarscy.com.pl\/index.php?rest_route=\/wp\/v2\/posts\/9449\/revisions\/9451"}],"wp:attachment":[{"href":"http:\/\/piekarscy.com.pl\/index.php?rest_route=%2Fwp%2Fv2%2Fmedia&parent=9449"}],"wp:term":[{"taxonomy":"category","embeddable":true,"href":"http:\/\/piekarscy.com.pl\/index.php?rest_route=%2Fwp%2Fv2%2Fcategories&post=9449"},{"taxonomy":"post_tag","embeddable":true,"href":"http:\/\/piekarscy.com.pl\/index.php?rest_route=%2Fwp%2Fv2%2Ftags&post=9449"}],"curies":[{"name":"wp","href":"https:\/\/api.w.org\/{rel}","templated":true}]}}