{"id":9452,"date":"2017-07-08T04:12:41","date_gmt":"2017-07-08T04:12:41","guid":{"rendered":"http:\/\/piekarscy.com.pl\/?p=9452"},"modified":"2017-07-02T17:28:42","modified_gmt":"2017-07-02T17:28:42","slug":"wizyta-dziadka-janka-kurzynskiego-w-szczecinie","status":"publish","type":"post","link":"http:\/\/piekarscy.com.pl\/?p=9452","title":{"rendered":"Wizyta Dziadka Janka Kurzy\u0144skiego w Szczecinie"},"content":{"rendered":"<p>Do wujka Stefana i Cioci Berty przyjecha\u0142 w odwiedziny dziadek Janek Kurzy\u0144ski &#8211; rodzony brat babci Konstancji Kurzy\u0144skiej &#8211; ten, kt\u00f3rego olejne obrazki ju\u017c pokazywa\u0142am. To zdj\u0119cie gdzie\u015b na Wa\u0142ach Chrobrego w Szczecinie. .\u00a0<a href=\"http:\/\/piekarscy.com.pl\/wp-content\/uploads\/2017\/07\/151.jpg\"><img loading=\"lazy\" decoding=\"async\" class=\"aligncenter wp-image-9453 size-medium\" src=\"http:\/\/piekarscy.com.pl\/wp-content\/uploads\/2017\/07\/151-300x194.jpg\" alt=\"\" width=\"300\" height=\"194\" srcset=\"http:\/\/piekarscy.com.pl\/wp-content\/uploads\/2017\/07\/151-300x194.jpg 300w, http:\/\/piekarscy.com.pl\/wp-content\/uploads\/2017\/07\/151-1024x661.jpg 1024w, http:\/\/piekarscy.com.pl\/wp-content\/uploads\/2017\/07\/151-624x403.jpg 624w\" sizes=\"auto, (max-width: 300px) 100vw, 300px\" \/><\/a><\/p>\n","protected":false},"excerpt":{"rendered":"<p>Do wujka Stefana i Cioci Berty przyjecha\u0142 w odwiedziny dziadek Janek Kurzy\u0144ski &#8211; rodzony brat babci Konstancji Kurzy\u0144skiej &#8211; ten, kt\u00f3rego olejne obrazki ju\u017c pokazywa\u0142am. To zdj\u0119cie gdzie\u015b na Wa\u0142ach Chrobrego w Szczecinie. .\u00a0<\/p>\n","protected":false},"author":1,"featured_media":0,"comment_status":"closed","ping_status":"closed","sticky":false,"template":"","format":"standard","meta":{"footnotes":""},"categories":[13,1262,12],"tags":[1263,1271,1292,1264,1272,1294,102,1267,133,599],"class_list":["post-9452","post","type-post","status-publish","format-standard","hentry","category-kurzynscy","category-momocinscy","category-stec","tag-bernarda-momocinska","tag-bernarda-stec","tag-bernarda-z-momocinskich-stecowa","tag-berta-momocinska","tag-berta-stec","tag-berta-stecowa","tag-fotografia","tag-jan-kurzynski","tag-stefan-stec","tag-zdjecie"],"_links":{"self":[{"href":"http:\/\/piekarscy.com.pl\/index.php?rest_route=\/wp\/v2\/posts\/9452","targetHints":{"allow":["GET"]}}],"collection":[{"href":"http:\/\/piekarscy.com.pl\/index.php?rest_route=\/wp\/v2\/posts"}],"about":[{"href":"http:\/\/piekarscy.com.pl\/index.php?rest_route=\/wp\/v2\/types\/post"}],"author":[{"embeddable":true,"href":"http:\/\/piekarscy.com.pl\/index.php?rest_route=\/wp\/v2\/users\/1"}],"replies":[{"embeddable":true,"href":"http:\/\/piekarscy.com.pl\/index.php?rest_route=%2Fwp%2Fv2%2Fcomments&post=9452"}],"version-history":[{"count":1,"href":"http:\/\/piekarscy.com.pl\/index.php?rest_route=\/wp\/v2\/posts\/9452\/revisions"}],"predecessor-version":[{"id":9454,"href":"http:\/\/piekarscy.com.pl\/index.php?rest_route=\/wp\/v2\/posts\/9452\/revisions\/9454"}],"wp:attachment":[{"href":"http:\/\/piekarscy.com.pl\/index.php?rest_route=%2Fwp%2Fv2%2Fmedia&parent=9452"}],"wp:term":[{"taxonomy":"category","embeddable":true,"href":"http:\/\/piekarscy.com.pl\/index.php?rest_route=%2Fwp%2Fv2%2Fcategories&post=9452"},{"taxonomy":"post_tag","embeddable":true,"href":"http:\/\/piekarscy.com.pl\/index.php?rest_route=%2Fwp%2Fv2%2Ftags&post=9452"}],"curies":[{"name":"wp","href":"https:\/\/api.w.org\/{rel}","templated":true}]}}