{"id":9471,"date":"2017-07-12T07:00:30","date_gmt":"2017-07-12T07:00:30","guid":{"rendered":"http:\/\/piekarscy.com.pl\/?p=9471"},"modified":"2017-07-12T07:01:46","modified_gmt":"2017-07-12T07:01:46","slug":"wujek-i-ciocia-na-zdjeciach-legitymacyjnych","status":"publish","type":"post","link":"http:\/\/piekarscy.com.pl\/?p=9471","title":{"rendered":"Wujek i ciocia na zdj\u0119ciach legitymacyjnych"},"content":{"rendered":"<p>Zdj\u0119cia legitymacyjne bliskich to takie, kt\u00f3re najcz\u0119\u015bciej nosimy przy sobie. Oto zdj\u0119cia wuja Stefana Steca i jego \u017cony &#8211; cioci Berty.<\/p>\n<p><a href=\"http:\/\/piekarscy.com.pl\/wp-content\/uploads\/2017\/07\/149.jpg\"><img loading=\"lazy\" decoding=\"async\" class=\"aligncenter wp-image-9472 size-medium\" src=\"http:\/\/piekarscy.com.pl\/wp-content\/uploads\/2017\/07\/149-232x300.jpg\" alt=\"\" width=\"232\" height=\"300\" srcset=\"http:\/\/piekarscy.com.pl\/wp-content\/uploads\/2017\/07\/149-232x300.jpg 232w, http:\/\/piekarscy.com.pl\/wp-content\/uploads\/2017\/07\/149-792x1024.jpg 792w, http:\/\/piekarscy.com.pl\/wp-content\/uploads\/2017\/07\/149-624x807.jpg 624w, http:\/\/piekarscy.com.pl\/wp-content\/uploads\/2017\/07\/149.jpg 804w\" sizes=\"auto, (max-width: 232px) 100vw, 232px\" \/><\/a><\/p>\n<p><a href=\"http:\/\/piekarscy.com.pl\/wp-content\/uploads\/2017\/07\/150.jpg\"><img loading=\"lazy\" decoding=\"async\" class=\"aligncenter wp-image-9473 size-medium\" src=\"http:\/\/piekarscy.com.pl\/wp-content\/uploads\/2017\/07\/150-256x300.jpg\" alt=\"\" width=\"256\" height=\"300\" srcset=\"http:\/\/piekarscy.com.pl\/wp-content\/uploads\/2017\/07\/150-256x300.jpg 256w, http:\/\/piekarscy.com.pl\/wp-content\/uploads\/2017\/07\/150-624x732.jpg 624w, http:\/\/piekarscy.com.pl\/wp-content\/uploads\/2017\/07\/150.jpg 748w\" sizes=\"auto, (max-width: 256px) 100vw, 256px\" \/><\/a><\/p>\n","protected":false},"excerpt":{"rendered":"<p>Zdj\u0119cia legitymacyjne bliskich to takie, kt\u00f3re najcz\u0119\u015bciej nosimy przy sobie. Oto zdj\u0119cia wuja Stefana Steca i jego \u017cony &#8211; cioci Berty.<\/p>\n","protected":false},"author":1,"featured_media":0,"comment_status":"closed","ping_status":"closed","sticky":false,"template":"","format":"standard","meta":{"footnotes":""},"categories":[1262,12],"tags":[1263,1271,1293,1292,1264,1272,1294,102,133,599],"class_list":["post-9471","post","type-post","status-publish","format-standard","hentry","category-momocinscy","category-stec","tag-bernarda-momocinska","tag-bernarda-stec","tag-bernarda-stecowa","tag-bernarda-z-momocinskich-stecowa","tag-berta-momocinska","tag-berta-stec","tag-berta-stecowa","tag-fotografia","tag-stefan-stec","tag-zdjecie"],"_links":{"self":[{"href":"http:\/\/piekarscy.com.pl\/index.php?rest_route=\/wp\/v2\/posts\/9471","targetHints":{"allow":["GET"]}}],"collection":[{"href":"http:\/\/piekarscy.com.pl\/index.php?rest_route=\/wp\/v2\/posts"}],"about":[{"href":"http:\/\/piekarscy.com.pl\/index.php?rest_route=\/wp\/v2\/types\/post"}],"author":[{"embeddable":true,"href":"http:\/\/piekarscy.com.pl\/index.php?rest_route=\/wp\/v2\/users\/1"}],"replies":[{"embeddable":true,"href":"http:\/\/piekarscy.com.pl\/index.php?rest_route=%2Fwp%2Fv2%2Fcomments&post=9471"}],"version-history":[{"count":1,"href":"http:\/\/piekarscy.com.pl\/index.php?rest_route=\/wp\/v2\/posts\/9471\/revisions"}],"predecessor-version":[{"id":9474,"href":"http:\/\/piekarscy.com.pl\/index.php?rest_route=\/wp\/v2\/posts\/9471\/revisions\/9474"}],"wp:attachment":[{"href":"http:\/\/piekarscy.com.pl\/index.php?rest_route=%2Fwp%2Fv2%2Fmedia&parent=9471"}],"wp:term":[{"taxonomy":"category","embeddable":true,"href":"http:\/\/piekarscy.com.pl\/index.php?rest_route=%2Fwp%2Fv2%2Fcategories&post=9471"},{"taxonomy":"post_tag","embeddable":true,"href":"http:\/\/piekarscy.com.pl\/index.php?rest_route=%2Fwp%2Fv2%2Ftags&post=9471"}],"curies":[{"name":"wp","href":"https:\/\/api.w.org\/{rel}","templated":true}]}}