{"id":9479,"date":"2017-07-14T05:04:02","date_gmt":"2017-07-14T05:04:02","guid":{"rendered":"http:\/\/piekarscy.com.pl\/?p=9479"},"modified":"2017-07-14T15:07:09","modified_gmt":"2017-07-14T15:07:09","slug":"grob-zosi","status":"publish","type":"post","link":"http:\/\/piekarscy.com.pl\/?p=9479","title":{"rendered":"Gr\u00f3b Zosi"},"content":{"rendered":"<p>Kilka dni temu pokazywa\u0142am Zosi\u0119 Stec &#8211; siostr\u0119 mojej mamy na katafalku. Jej zdj\u0119cie moja babcia nosi\u0142a w torebce. Teraz czas na zdj\u0119cie grobu Zosi. Gr\u00f3b jest w Che\u0142mie. Mia\u0142am tam w tym roku dotrze\u0107, ale gdy dojecha\u0142am do Che\u0142ma zerwa\u0142a si\u0119 burza z gradobiciem.<\/p>\n<p><a href=\"http:\/\/piekarscy.com.pl\/wp-content\/uploads\/2017\/07\/212.jpg\"><img loading=\"lazy\" decoding=\"async\" class=\"aligncenter wp-image-9480 size-medium\" src=\"http:\/\/piekarscy.com.pl\/wp-content\/uploads\/2017\/07\/212-198x300.jpg\" alt=\"\" width=\"198\" height=\"300\" srcset=\"http:\/\/piekarscy.com.pl\/wp-content\/uploads\/2017\/07\/212-198x300.jpg 198w, http:\/\/piekarscy.com.pl\/wp-content\/uploads\/2017\/07\/212-676x1024.jpg 676w, http:\/\/piekarscy.com.pl\/wp-content\/uploads\/2017\/07\/212-624x945.jpg 624w, http:\/\/piekarscy.com.pl\/wp-content\/uploads\/2017\/07\/212.jpg 1316w\" sizes=\"auto, (max-width: 198px) 100vw, 198px\" \/><\/a><\/p>\n","protected":false},"excerpt":{"rendered":"<p>Kilka dni temu pokazywa\u0142am Zosi\u0119 Stec &#8211; siostr\u0119 mojej mamy na katafalku. Jej zdj\u0119cie moja babcia nosi\u0142a w torebce. Teraz czas na zdj\u0119cie grobu Zosi. Gr\u00f3b jest w Che\u0142mie. Mia\u0142am tam w tym roku dotrze\u0107, ale gdy dojecha\u0142am do Che\u0142ma zerwa\u0142a si\u0119 burza z gradobiciem.<\/p>\n","protected":false},"author":1,"featured_media":0,"comment_status":"closed","ping_status":"closed","sticky":false,"template":"","format":"standard","meta":{"footnotes":""},"categories":[12],"tags":[1258,102,638,132],"class_list":["post-9479","post","type-post","status-publish","format-standard","hentry","category-stec","tag-chelm","tag-fotografia","tag-grob","tag-zofia-stec"],"_links":{"self":[{"href":"http:\/\/piekarscy.com.pl\/index.php?rest_route=\/wp\/v2\/posts\/9479","targetHints":{"allow":["GET"]}}],"collection":[{"href":"http:\/\/piekarscy.com.pl\/index.php?rest_route=\/wp\/v2\/posts"}],"about":[{"href":"http:\/\/piekarscy.com.pl\/index.php?rest_route=\/wp\/v2\/types\/post"}],"author":[{"embeddable":true,"href":"http:\/\/piekarscy.com.pl\/index.php?rest_route=\/wp\/v2\/users\/1"}],"replies":[{"embeddable":true,"href":"http:\/\/piekarscy.com.pl\/index.php?rest_route=%2Fwp%2Fv2%2Fcomments&post=9479"}],"version-history":[{"count":2,"href":"http:\/\/piekarscy.com.pl\/index.php?rest_route=\/wp\/v2\/posts\/9479\/revisions"}],"predecessor-version":[{"id":9483,"href":"http:\/\/piekarscy.com.pl\/index.php?rest_route=\/wp\/v2\/posts\/9479\/revisions\/9483"}],"wp:attachment":[{"href":"http:\/\/piekarscy.com.pl\/index.php?rest_route=%2Fwp%2Fv2%2Fmedia&parent=9479"}],"wp:term":[{"taxonomy":"category","embeddable":true,"href":"http:\/\/piekarscy.com.pl\/index.php?rest_route=%2Fwp%2Fv2%2Fcategories&post=9479"},{"taxonomy":"post_tag","embeddable":true,"href":"http:\/\/piekarscy.com.pl\/index.php?rest_route=%2Fwp%2Fv2%2Ftags&post=9479"}],"curies":[{"name":"wp","href":"https:\/\/api.w.org\/{rel}","templated":true}]}}