{"id":9484,"date":"2017-07-15T05:14:06","date_gmt":"2017-07-15T05:14:06","guid":{"rendered":"http:\/\/piekarscy.com.pl\/?p=9484"},"modified":"2017-07-13T13:18:21","modified_gmt":"2017-07-13T13:18:21","slug":"w-5-rocznice-smierci-cezary-na-zoliborzu","status":"publish","type":"post","link":"http:\/\/piekarscy.com.pl\/?p=9484","title":{"rendered":"W 5 rocznic\u0119 \u015bmierci &#8211; Cezary na \u017boliborzu"},"content":{"rendered":"<p>Rzadko pokazuj\u0119 zdj\u0119cia eks m\u0119\u017ca, ale&#8230; dzi\u015b jest 5 rocznica jego \u015bmierci. Pomy\u015bla\u0142am, \u017ce poka\u017c\u0119 3 zdj\u0119cia Cezarego (10 maja 1969- 14 lipca 2012) zrobione na terenie dzielnicy, w kt\u00f3rej oboje si\u0119 wychowywali\u015bmy. To \u017boliborz. Jedno na placu Lelewela na trawie, drugie na pl. Wilsona, a trzecie na wprost Hali Marymonckiej.<\/p>\n<p><a href=\"http:\/\/piekarscy.com.pl\/wp-content\/uploads\/2017\/07\/cezary1.jpg\"><img loading=\"lazy\" decoding=\"async\" class=\"aligncenter size-medium wp-image-9485\" src=\"http:\/\/piekarscy.com.pl\/wp-content\/uploads\/2017\/07\/cezary1-300x192.jpg\" alt=\"\" width=\"300\" height=\"192\" srcset=\"http:\/\/piekarscy.com.pl\/wp-content\/uploads\/2017\/07\/cezary1-300x192.jpg 300w, http:\/\/piekarscy.com.pl\/wp-content\/uploads\/2017\/07\/cezary1-1024x657.jpg 1024w, http:\/\/piekarscy.com.pl\/wp-content\/uploads\/2017\/07\/cezary1-624x400.jpg 624w, http:\/\/piekarscy.com.pl\/wp-content\/uploads\/2017\/07\/cezary1.jpg 2048w\" sizes=\"auto, (max-width: 300px) 100vw, 300px\" \/><\/a><br \/>\n<a href=\"http:\/\/piekarscy.com.pl\/wp-content\/uploads\/2017\/07\/cezary2.jpg\"><img loading=\"lazy\" decoding=\"async\" class=\"aligncenter size-medium wp-image-9486\" src=\"http:\/\/piekarscy.com.pl\/wp-content\/uploads\/2017\/07\/cezary2-300x195.jpg\" alt=\"\" width=\"300\" height=\"195\" srcset=\"http:\/\/piekarscy.com.pl\/wp-content\/uploads\/2017\/07\/cezary2-300x195.jpg 300w, http:\/\/piekarscy.com.pl\/wp-content\/uploads\/2017\/07\/cezary2-1024x667.jpg 1024w, http:\/\/piekarscy.com.pl\/wp-content\/uploads\/2017\/07\/cezary2-624x406.jpg 624w, http:\/\/piekarscy.com.pl\/wp-content\/uploads\/2017\/07\/cezary2.jpg 2048w\" sizes=\"auto, (max-width: 300px) 100vw, 300px\" \/><\/a> <a href=\"http:\/\/piekarscy.com.pl\/wp-content\/uploads\/2017\/07\/cezary3.jpg\"><img loading=\"lazy\" decoding=\"async\" class=\"aligncenter size-medium wp-image-9487\" src=\"http:\/\/piekarscy.com.pl\/wp-content\/uploads\/2017\/07\/cezary3-199x300.jpg\" alt=\"\" width=\"199\" height=\"300\" srcset=\"http:\/\/piekarscy.com.pl\/wp-content\/uploads\/2017\/07\/cezary3-199x300.jpg 199w, http:\/\/piekarscy.com.pl\/wp-content\/uploads\/2017\/07\/cezary3-624x939.jpg 624w, http:\/\/piekarscy.com.pl\/wp-content\/uploads\/2017\/07\/cezary3.jpg 638w\" sizes=\"auto, (max-width: 199px) 100vw, 199px\" \/><\/a><\/p>\n<p>&nbsp;<\/p>\n","protected":false},"excerpt":{"rendered":"<p>Rzadko pokazuj\u0119 zdj\u0119cia eks m\u0119\u017ca, ale&#8230; dzi\u015b jest 5 rocznica jego \u015bmierci. Pomy\u015bla\u0142am, \u017ce poka\u017c\u0119 3 zdj\u0119cia Cezarego (10 maja 1969- 14 lipca 2012) zrobione na terenie dzielnicy, w kt\u00f3rej oboje si\u0119 wychowywali\u015bmy. To \u017boliborz. Jedno na placu Lelewela na trawie, drugie na pl. Wilsona, a trzecie na wprost Hali Marymonckiej. &nbsp;<\/p>\n","protected":false},"author":1,"featured_media":0,"comment_status":"closed","ping_status":"closed","sticky":false,"template":"","format":"standard","meta":{"footnotes":""},"categories":[320],"tags":[321],"class_list":["post-9484","post","type-post","status-publish","format-standard","hentry","category-szymczak","tag-cezary-szymczak"],"_links":{"self":[{"href":"http:\/\/piekarscy.com.pl\/index.php?rest_route=\/wp\/v2\/posts\/9484","targetHints":{"allow":["GET"]}}],"collection":[{"href":"http:\/\/piekarscy.com.pl\/index.php?rest_route=\/wp\/v2\/posts"}],"about":[{"href":"http:\/\/piekarscy.com.pl\/index.php?rest_route=\/wp\/v2\/types\/post"}],"author":[{"embeddable":true,"href":"http:\/\/piekarscy.com.pl\/index.php?rest_route=\/wp\/v2\/users\/1"}],"replies":[{"embeddable":true,"href":"http:\/\/piekarscy.com.pl\/index.php?rest_route=%2Fwp%2Fv2%2Fcomments&post=9484"}],"version-history":[{"count":1,"href":"http:\/\/piekarscy.com.pl\/index.php?rest_route=\/wp\/v2\/posts\/9484\/revisions"}],"predecessor-version":[{"id":9488,"href":"http:\/\/piekarscy.com.pl\/index.php?rest_route=\/wp\/v2\/posts\/9484\/revisions\/9488"}],"wp:attachment":[{"href":"http:\/\/piekarscy.com.pl\/index.php?rest_route=%2Fwp%2Fv2%2Fmedia&parent=9484"}],"wp:term":[{"taxonomy":"category","embeddable":true,"href":"http:\/\/piekarscy.com.pl\/index.php?rest_route=%2Fwp%2Fv2%2Fcategories&post=9484"},{"taxonomy":"post_tag","embeddable":true,"href":"http:\/\/piekarscy.com.pl\/index.php?rest_route=%2Fwp%2Fv2%2Ftags&post=9484"}],"curies":[{"name":"wp","href":"https:\/\/api.w.org\/{rel}","templated":true}]}}