{"id":9489,"date":"2017-07-16T04:25:20","date_gmt":"2017-07-16T04:25:20","guid":{"rendered":"http:\/\/piekarscy.com.pl\/?p=9489"},"modified":"2017-07-15T11:36:28","modified_gmt":"2017-07-15T11:36:28","slug":"wujek-stefan-jako-dziecko","status":"publish","type":"post","link":"http:\/\/piekarscy.com.pl\/?p=9489","title":{"rendered":"Wujek Stefan jako dziecko"},"content":{"rendered":"<p>To wujek Stefan, brat mojej mamy, jako dziecko. Zdj\u0119cie zapewne by\u0142o przeznaczone do jakiego\u015b dokumentu.<\/p>\n<p><a href=\"http:\/\/piekarscy.com.pl\/wp-content\/uploads\/2017\/07\/79.jpg\"><img loading=\"lazy\" decoding=\"async\" class=\"aligncenter wp-image-9490 size-medium\" src=\"http:\/\/piekarscy.com.pl\/wp-content\/uploads\/2017\/07\/79-238x300.jpg\" alt=\"\" width=\"238\" height=\"300\" srcset=\"http:\/\/piekarscy.com.pl\/wp-content\/uploads\/2017\/07\/79-238x300.jpg 238w, http:\/\/piekarscy.com.pl\/wp-content\/uploads\/2017\/07\/79-812x1024.jpg 812w, http:\/\/piekarscy.com.pl\/wp-content\/uploads\/2017\/07\/79-624x787.jpg 624w, http:\/\/piekarscy.com.pl\/wp-content\/uploads\/2017\/07\/79.jpg 1363w\" sizes=\"auto, (max-width: 238px) 100vw, 238px\" \/><\/a><\/p>\n","protected":false},"excerpt":{"rendered":"<p>To wujek Stefan, brat mojej mamy, jako dziecko. Zdj\u0119cie zapewne by\u0142o przeznaczone do jakiego\u015b dokumentu.<\/p>\n","protected":false},"author":1,"featured_media":0,"comment_status":"closed","ping_status":"closed","sticky":false,"template":"","format":"standard","meta":{"footnotes":""},"categories":[12],"tags":[102,133,599],"class_list":["post-9489","post","type-post","status-publish","format-standard","hentry","category-stec","tag-fotografia","tag-stefan-stec","tag-zdjecie"],"_links":{"self":[{"href":"http:\/\/piekarscy.com.pl\/index.php?rest_route=\/wp\/v2\/posts\/9489","targetHints":{"allow":["GET"]}}],"collection":[{"href":"http:\/\/piekarscy.com.pl\/index.php?rest_route=\/wp\/v2\/posts"}],"about":[{"href":"http:\/\/piekarscy.com.pl\/index.php?rest_route=\/wp\/v2\/types\/post"}],"author":[{"embeddable":true,"href":"http:\/\/piekarscy.com.pl\/index.php?rest_route=\/wp\/v2\/users\/1"}],"replies":[{"embeddable":true,"href":"http:\/\/piekarscy.com.pl\/index.php?rest_route=%2Fwp%2Fv2%2Fcomments&post=9489"}],"version-history":[{"count":1,"href":"http:\/\/piekarscy.com.pl\/index.php?rest_route=\/wp\/v2\/posts\/9489\/revisions"}],"predecessor-version":[{"id":9491,"href":"http:\/\/piekarscy.com.pl\/index.php?rest_route=\/wp\/v2\/posts\/9489\/revisions\/9491"}],"wp:attachment":[{"href":"http:\/\/piekarscy.com.pl\/index.php?rest_route=%2Fwp%2Fv2%2Fmedia&parent=9489"}],"wp:term":[{"taxonomy":"category","embeddable":true,"href":"http:\/\/piekarscy.com.pl\/index.php?rest_route=%2Fwp%2Fv2%2Fcategories&post=9489"},{"taxonomy":"post_tag","embeddable":true,"href":"http:\/\/piekarscy.com.pl\/index.php?rest_route=%2Fwp%2Fv2%2Ftags&post=9489"}],"curies":[{"name":"wp","href":"https:\/\/api.w.org\/{rel}","templated":true}]}}