{"id":9583,"date":"2017-08-04T04:19:50","date_gmt":"2017-08-04T04:19:50","guid":{"rendered":"http:\/\/piekarscy.com.pl\/?p=9583"},"modified":"2017-07-31T12:26:45","modified_gmt":"2017-07-31T12:26:45","slug":"jeszcze-troche-wakacji-nad-morzem-wujostwo-z-dziecmi","status":"publish","type":"post","link":"http:\/\/piekarscy.com.pl\/?p=9583","title":{"rendered":"Jeszcze troch\u0119 wakacji nad morzem &#8211; wujostwo z dzie\u0107mi"},"content":{"rendered":"<p>To moje mieszkaj\u0105ce w Szczecinie wujostwo z dzie\u0107mi na pla\u017cy. Wuj Stefan Stec z cioci\u0105 bert\u0105 z Momoci\u0144skich i synem Mackiem oraz c\u00f3rk\u0105 Danusi\u0105. Najprawdopodobniej jest to na pla\u017cy w \u015awinouj\u015bciu, bo zazwyczaj tam je\u017adzili. Kim jest osoba z nimi? Nie wiem. By\u0107 mo\u017ce jeden z kuzyn\u00f3w, ale pewna nie jestem.<\/p>\n<p><a href=\"http:\/\/piekarscy.com.pl\/wp-content\/uploads\/2017\/07\/60.jpg\"><img loading=\"lazy\" decoding=\"async\" class=\"aligncenter wp-image-9584 size-medium\" src=\"http:\/\/piekarscy.com.pl\/wp-content\/uploads\/2017\/07\/60-300x201.jpg\" alt=\"\" width=\"300\" height=\"201\" srcset=\"http:\/\/piekarscy.com.pl\/wp-content\/uploads\/2017\/07\/60-300x201.jpg 300w, http:\/\/piekarscy.com.pl\/wp-content\/uploads\/2017\/07\/60-1024x687.jpg 1024w, http:\/\/piekarscy.com.pl\/wp-content\/uploads\/2017\/07\/60-624x419.jpg 624w, http:\/\/piekarscy.com.pl\/wp-content\/uploads\/2017\/07\/60.jpg 1836w\" sizes=\"auto, (max-width: 300px) 100vw, 300px\" \/><\/a><\/p>\n","protected":false},"excerpt":{"rendered":"<p>To moje mieszkaj\u0105ce w Szczecinie wujostwo z dzie\u0107mi na pla\u017cy. Wuj Stefan Stec z cioci\u0105 bert\u0105 z Momoci\u0144skich i synem Mackiem oraz c\u00f3rk\u0105 Danusi\u0105. Najprawdopodobniej jest to na pla\u017cy w \u015awinouj\u015bciu, bo zazwyczaj tam je\u017adzili. Kim jest osoba z nimi? Nie wiem. By\u0107 mo\u017ce jeden z kuzyn\u00f3w, ale pewna nie jestem.<\/p>\n","protected":false},"author":1,"featured_media":0,"comment_status":"closed","ping_status":"closed","sticky":false,"template":"","format":"standard","meta":{"footnotes":""},"categories":[1262,12],"tags":[1263,1271,1293,1292,1264,1272,1294,240,102,1269,133,599],"class_list":["post-9583","post","type-post","status-publish","format-standard","hentry","category-momocinscy","category-stec","tag-bernarda-momocinska","tag-bernarda-stec","tag-bernarda-stecowa","tag-bernarda-z-momocinskich-stecowa","tag-berta-momocinska","tag-berta-stec","tag-berta-stecowa","tag-danuta-stec","tag-fotografia","tag-leszek-maciej-stec","tag-stefan-stec","tag-zdjecie"],"_links":{"self":[{"href":"http:\/\/piekarscy.com.pl\/index.php?rest_route=\/wp\/v2\/posts\/9583","targetHints":{"allow":["GET"]}}],"collection":[{"href":"http:\/\/piekarscy.com.pl\/index.php?rest_route=\/wp\/v2\/posts"}],"about":[{"href":"http:\/\/piekarscy.com.pl\/index.php?rest_route=\/wp\/v2\/types\/post"}],"author":[{"embeddable":true,"href":"http:\/\/piekarscy.com.pl\/index.php?rest_route=\/wp\/v2\/users\/1"}],"replies":[{"embeddable":true,"href":"http:\/\/piekarscy.com.pl\/index.php?rest_route=%2Fwp%2Fv2%2Fcomments&post=9583"}],"version-history":[{"count":1,"href":"http:\/\/piekarscy.com.pl\/index.php?rest_route=\/wp\/v2\/posts\/9583\/revisions"}],"predecessor-version":[{"id":9585,"href":"http:\/\/piekarscy.com.pl\/index.php?rest_route=\/wp\/v2\/posts\/9583\/revisions\/9585"}],"wp:attachment":[{"href":"http:\/\/piekarscy.com.pl\/index.php?rest_route=%2Fwp%2Fv2%2Fmedia&parent=9583"}],"wp:term":[{"taxonomy":"category","embeddable":true,"href":"http:\/\/piekarscy.com.pl\/index.php?rest_route=%2Fwp%2Fv2%2Fcategories&post=9583"},{"taxonomy":"post_tag","embeddable":true,"href":"http:\/\/piekarscy.com.pl\/index.php?rest_route=%2Fwp%2Fv2%2Ftags&post=9583"}],"curies":[{"name":"wp","href":"https:\/\/api.w.org\/{rel}","templated":true}]}}