{"id":9590,"date":"2017-08-06T04:26:11","date_gmt":"2017-08-06T04:26:11","guid":{"rendered":"http:\/\/piekarscy.com.pl\/?p=9590"},"modified":"2017-07-31T12:27:00","modified_gmt":"2017-07-31T12:27:00","slug":"wujek-z-ciocia-i-malym-mackiem","status":"publish","type":"post","link":"http:\/\/piekarscy.com.pl\/?p=9590","title":{"rendered":"Wujek z cioci\u0105 i ma\u0142ym Ma\u0107kiem"},"content":{"rendered":"<p>To wujek Stefan Stec z cioci\u0105 Bert\u0105 z domu Momoci\u0144sk\u0105 i pierworodnym synem Ma\u0107kiem. Rok 1946. Wujostwo z Zamojszczyzny uciek\u0142o do Szczecina przed poszukuj\u0105c\u0105 Wujka bezpiek\u0105.<\/p>\n<p><a href=\"http:\/\/piekarscy.com.pl\/wp-content\/uploads\/2017\/07\/66.jpg\"><img loading=\"lazy\" decoding=\"async\" class=\"aligncenter size-medium wp-image-9591\" src=\"http:\/\/piekarscy.com.pl\/wp-content\/uploads\/2017\/07\/66-194x300.jpg\" alt=\"\" width=\"194\" height=\"300\" srcset=\"http:\/\/piekarscy.com.pl\/wp-content\/uploads\/2017\/07\/66-194x300.jpg 194w, http:\/\/piekarscy.com.pl\/wp-content\/uploads\/2017\/07\/66-664x1024.jpg 664w, http:\/\/piekarscy.com.pl\/wp-content\/uploads\/2017\/07\/66-624x963.jpg 624w, http:\/\/piekarscy.com.pl\/wp-content\/uploads\/2017\/07\/66.jpg 1132w\" sizes=\"auto, (max-width: 194px) 100vw, 194px\" \/><\/a><\/p>\n<p>&nbsp;<\/p>\n<p>&nbsp;<\/p>\n","protected":false},"excerpt":{"rendered":"<p>To wujek Stefan Stec z cioci\u0105 Bert\u0105 z domu Momoci\u0144sk\u0105 i pierworodnym synem Ma\u0107kiem. Rok 1946. Wujostwo z Zamojszczyzny uciek\u0142o do Szczecina przed poszukuj\u0105c\u0105 Wujka bezpiek\u0105. &nbsp; &nbsp;<\/p>\n","protected":false},"author":1,"featured_media":0,"comment_status":"closed","ping_status":"closed","sticky":false,"template":"","format":"standard","meta":{"footnotes":""},"categories":[12],"tags":[1263,1271,1293,1292,1264,1272,1294,102,1269,133,599],"class_list":["post-9590","post","type-post","status-publish","format-standard","hentry","category-stec","tag-bernarda-momocinska","tag-bernarda-stec","tag-bernarda-stecowa","tag-bernarda-z-momocinskich-stecowa","tag-berta-momocinska","tag-berta-stec","tag-berta-stecowa","tag-fotografia","tag-leszek-maciej-stec","tag-stefan-stec","tag-zdjecie"],"_links":{"self":[{"href":"http:\/\/piekarscy.com.pl\/index.php?rest_route=\/wp\/v2\/posts\/9590","targetHints":{"allow":["GET"]}}],"collection":[{"href":"http:\/\/piekarscy.com.pl\/index.php?rest_route=\/wp\/v2\/posts"}],"about":[{"href":"http:\/\/piekarscy.com.pl\/index.php?rest_route=\/wp\/v2\/types\/post"}],"author":[{"embeddable":true,"href":"http:\/\/piekarscy.com.pl\/index.php?rest_route=\/wp\/v2\/users\/1"}],"replies":[{"embeddable":true,"href":"http:\/\/piekarscy.com.pl\/index.php?rest_route=%2Fwp%2Fv2%2Fcomments&post=9590"}],"version-history":[{"count":3,"href":"http:\/\/piekarscy.com.pl\/index.php?rest_route=\/wp\/v2\/posts\/9590\/revisions"}],"predecessor-version":[{"id":9594,"href":"http:\/\/piekarscy.com.pl\/index.php?rest_route=\/wp\/v2\/posts\/9590\/revisions\/9594"}],"wp:attachment":[{"href":"http:\/\/piekarscy.com.pl\/index.php?rest_route=%2Fwp%2Fv2%2Fmedia&parent=9590"}],"wp:term":[{"taxonomy":"category","embeddable":true,"href":"http:\/\/piekarscy.com.pl\/index.php?rest_route=%2Fwp%2Fv2%2Fcategories&post=9590"},{"taxonomy":"post_tag","embeddable":true,"href":"http:\/\/piekarscy.com.pl\/index.php?rest_route=%2Fwp%2Fv2%2Ftags&post=9590"}],"curies":[{"name":"wp","href":"https:\/\/api.w.org\/{rel}","templated":true}]}}