{"id":9613,"date":"2017-08-12T04:11:50","date_gmt":"2017-08-12T04:11:50","guid":{"rendered":"http:\/\/piekarscy.com.pl\/?p=9613"},"modified":"2017-07-31T12:27:29","modified_gmt":"2017-07-31T12:27:29","slug":"ciocia-berta-w-pracy-z-kolezankami","status":"publish","type":"post","link":"http:\/\/piekarscy.com.pl\/?p=9613","title":{"rendered":"Ciocia Berta w pracy z kole\u017cankami"},"content":{"rendered":"<p>Ciocia Berta w pracy.\u00a0Nie wiem z jakiej okazji zrobiono to zdj\u0119cie. Mo\u017ce jaki\u015b dzie\u0144 kobiet? Nie wiem tez gdzie to jest. Szczecin. Na \u015bcianie pewnie Bierut. To koniec lat 40.<\/p>\n<p><a href=\"http:\/\/piekarscy.com.pl\/wp-content\/uploads\/2017\/07\/78.jpg\"><img loading=\"lazy\" decoding=\"async\" class=\"aligncenter size-medium wp-image-9614\" src=\"http:\/\/piekarscy.com.pl\/wp-content\/uploads\/2017\/07\/78-300x199.jpg\" alt=\"\" width=\"300\" height=\"199\" srcset=\"http:\/\/piekarscy.com.pl\/wp-content\/uploads\/2017\/07\/78-300x199.jpg 300w, http:\/\/piekarscy.com.pl\/wp-content\/uploads\/2017\/07\/78-1024x680.jpg 1024w, http:\/\/piekarscy.com.pl\/wp-content\/uploads\/2017\/07\/78-624x415.jpg 624w, http:\/\/piekarscy.com.pl\/wp-content\/uploads\/2017\/07\/78.jpg 2020w\" sizes=\"auto, (max-width: 300px) 100vw, 300px\" \/><\/a><\/p>\n","protected":false},"excerpt":{"rendered":"<p>Ciocia Berta w pracy.\u00a0Nie wiem z jakiej okazji zrobiono to zdj\u0119cie. Mo\u017ce jaki\u015b dzie\u0144 kobiet? Nie wiem tez gdzie to jest. Szczecin. Na \u015bcianie pewnie Bierut. To koniec lat 40.<\/p>\n","protected":false},"author":1,"featured_media":0,"comment_status":"closed","ping_status":"closed","sticky":false,"template":"","format":"standard","meta":{"footnotes":""},"categories":[1262,12],"tags":[1263,1271,1293,1292,1264,1272,1294,102,599],"class_list":["post-9613","post","type-post","status-publish","format-standard","hentry","category-momocinscy","category-stec","tag-bernarda-momocinska","tag-bernarda-stec","tag-bernarda-stecowa","tag-bernarda-z-momocinskich-stecowa","tag-berta-momocinska","tag-berta-stec","tag-berta-stecowa","tag-fotografia","tag-zdjecie"],"_links":{"self":[{"href":"http:\/\/piekarscy.com.pl\/index.php?rest_route=\/wp\/v2\/posts\/9613","targetHints":{"allow":["GET"]}}],"collection":[{"href":"http:\/\/piekarscy.com.pl\/index.php?rest_route=\/wp\/v2\/posts"}],"about":[{"href":"http:\/\/piekarscy.com.pl\/index.php?rest_route=\/wp\/v2\/types\/post"}],"author":[{"embeddable":true,"href":"http:\/\/piekarscy.com.pl\/index.php?rest_route=\/wp\/v2\/users\/1"}],"replies":[{"embeddable":true,"href":"http:\/\/piekarscy.com.pl\/index.php?rest_route=%2Fwp%2Fv2%2Fcomments&post=9613"}],"version-history":[{"count":1,"href":"http:\/\/piekarscy.com.pl\/index.php?rest_route=\/wp\/v2\/posts\/9613\/revisions"}],"predecessor-version":[{"id":9615,"href":"http:\/\/piekarscy.com.pl\/index.php?rest_route=\/wp\/v2\/posts\/9613\/revisions\/9615"}],"wp:attachment":[{"href":"http:\/\/piekarscy.com.pl\/index.php?rest_route=%2Fwp%2Fv2%2Fmedia&parent=9613"}],"wp:term":[{"taxonomy":"category","embeddable":true,"href":"http:\/\/piekarscy.com.pl\/index.php?rest_route=%2Fwp%2Fv2%2Fcategories&post=9613"},{"taxonomy":"post_tag","embeddable":true,"href":"http:\/\/piekarscy.com.pl\/index.php?rest_route=%2Fwp%2Fv2%2Ftags&post=9613"}],"curies":[{"name":"wp","href":"https:\/\/api.w.org\/{rel}","templated":true}]}}