{"id":9616,"date":"2017-08-13T04:14:41","date_gmt":"2017-08-13T04:14:41","guid":{"rendered":"http:\/\/piekarscy.com.pl\/?p=9616"},"modified":"2017-07-27T10:21:52","modified_gmt":"2017-07-27T10:21:52","slug":"maciek-w-domu-na-tarasie","status":"publish","type":"post","link":"http:\/\/piekarscy.com.pl\/?p=9616","title":{"rendered":"Maciek w domu na tarasie"},"content":{"rendered":"<p>Wujostwo w Szczecinie mieszkali w dzielnicy Pogodno. pami\u0119tam ten dom i ogr\u00f3dek i taras. I opowie\u015b\u0107 o tym, jak ciocia kopa\u0142a w ogr\u00f3dku a nagle nad jej g\u0142ow\u0105 stan\u0105\u0142 jaki\u015b facet i \u0142amana polszczyzna powiedzia\u0142: &#8222;Kop, kop. Ja tu jeszcze wr\u00f3c\u0119&#8221;. By\u0142 to przedwojenny w\u0142a\u015bciciel tego domu.<\/p>\n<p><a href=\"http:\/\/piekarscy.com.pl\/wp-content\/uploads\/2017\/07\/59.jpg\"><img loading=\"lazy\" decoding=\"async\" class=\"aligncenter wp-image-9617 size-medium\" src=\"http:\/\/piekarscy.com.pl\/wp-content\/uploads\/2017\/07\/59-300x198.jpg\" alt=\"\" width=\"300\" height=\"198\" srcset=\"http:\/\/piekarscy.com.pl\/wp-content\/uploads\/2017\/07\/59-300x198.jpg 300w, http:\/\/piekarscy.com.pl\/wp-content\/uploads\/2017\/07\/59-1024x676.jpg 1024w, http:\/\/piekarscy.com.pl\/wp-content\/uploads\/2017\/07\/59-624x412.jpg 624w\" sizes=\"auto, (max-width: 300px) 100vw, 300px\" \/><\/a><\/p>\n","protected":false},"excerpt":{"rendered":"<p>Wujostwo w Szczecinie mieszkali w dzielnicy Pogodno. pami\u0119tam ten dom i ogr\u00f3dek i taras. I opowie\u015b\u0107 o tym, jak ciocia kopa\u0142a w ogr\u00f3dku a nagle nad jej g\u0142ow\u0105 stan\u0105\u0142 jaki\u015b facet i \u0142amana polszczyzna powiedzia\u0142: &#8222;Kop, kop. Ja tu jeszcze wr\u00f3c\u0119&#8221;. By\u0142 to przedwojenny w\u0142a\u015bciciel tego domu.<\/p>\n","protected":false},"author":1,"featured_media":0,"comment_status":"closed","ping_status":"closed","sticky":false,"template":"","format":"standard","meta":{"footnotes":""},"categories":[12],"tags":[102,1269,1270,599],"class_list":["post-9616","post","type-post","status-publish","format-standard","hentry","category-stec","tag-fotografia","tag-leszek-maciej-stec","tag-maciej-stec","tag-zdjecie"],"_links":{"self":[{"href":"http:\/\/piekarscy.com.pl\/index.php?rest_route=\/wp\/v2\/posts\/9616","targetHints":{"allow":["GET"]}}],"collection":[{"href":"http:\/\/piekarscy.com.pl\/index.php?rest_route=\/wp\/v2\/posts"}],"about":[{"href":"http:\/\/piekarscy.com.pl\/index.php?rest_route=\/wp\/v2\/types\/post"}],"author":[{"embeddable":true,"href":"http:\/\/piekarscy.com.pl\/index.php?rest_route=\/wp\/v2\/users\/1"}],"replies":[{"embeddable":true,"href":"http:\/\/piekarscy.com.pl\/index.php?rest_route=%2Fwp%2Fv2%2Fcomments&post=9616"}],"version-history":[{"count":1,"href":"http:\/\/piekarscy.com.pl\/index.php?rest_route=\/wp\/v2\/posts\/9616\/revisions"}],"predecessor-version":[{"id":9618,"href":"http:\/\/piekarscy.com.pl\/index.php?rest_route=\/wp\/v2\/posts\/9616\/revisions\/9618"}],"wp:attachment":[{"href":"http:\/\/piekarscy.com.pl\/index.php?rest_route=%2Fwp%2Fv2%2Fmedia&parent=9616"}],"wp:term":[{"taxonomy":"category","embeddable":true,"href":"http:\/\/piekarscy.com.pl\/index.php?rest_route=%2Fwp%2Fv2%2Fcategories&post=9616"},{"taxonomy":"post_tag","embeddable":true,"href":"http:\/\/piekarscy.com.pl\/index.php?rest_route=%2Fwp%2Fv2%2Ftags&post=9616"}],"curies":[{"name":"wp","href":"https:\/\/api.w.org\/{rel}","templated":true}]}}