{"id":9713,"date":"2017-09-04T04:41:56","date_gmt":"2017-09-04T04:41:56","guid":{"rendered":"http:\/\/piekarscy.com.pl\/?p=9713"},"modified":"2017-09-03T16:10:10","modified_gmt":"2017-09-03T16:10:10","slug":"wujek-i-ciocia-piekni-mlodzi","status":"publish","type":"post","link":"http:\/\/piekarscy.com.pl\/?p=9713","title":{"rendered":"Wujek i ciocia &#8211; pi\u0119kni m\u0142odzi"},"content":{"rendered":"<p>To wujek Stefan Stec &#8211; brat mojej mamy z \u017con\u0105, czyli cioci\u0105 Bert\u0105 z domu Momoci\u0144sk\u0105. Uwielbiam te fotografi\u0119. Wida\u0107, \u017ce s\u0105 szcz\u0119\u015bliwi i zakochani. Jest to zdj\u0119cie z po\u0142owy lat 40.<\/p>\n<p><a href=\"http:\/\/piekarscy.com.pl\/wp-content\/uploads\/2017\/09\/75.jpg\"><img loading=\"lazy\" decoding=\"async\" class=\"aligncenter wp-image-9714 size-medium\" src=\"http:\/\/piekarscy.com.pl\/wp-content\/uploads\/2017\/09\/75-187x300.jpg\" alt=\"\" width=\"187\" height=\"300\" srcset=\"http:\/\/piekarscy.com.pl\/wp-content\/uploads\/2017\/09\/75-187x300.jpg 187w, http:\/\/piekarscy.com.pl\/wp-content\/uploads\/2017\/09\/75-639x1024.jpg 639w, http:\/\/piekarscy.com.pl\/wp-content\/uploads\/2017\/09\/75-624x999.jpg 624w, http:\/\/piekarscy.com.pl\/wp-content\/uploads\/2017\/09\/75.jpg 1269w\" sizes=\"auto, (max-width: 187px) 100vw, 187px\" \/><\/a><\/p>\n","protected":false},"excerpt":{"rendered":"<p>To wujek Stefan Stec &#8211; brat mojej mamy z \u017con\u0105, czyli cioci\u0105 Bert\u0105 z domu Momoci\u0144sk\u0105. Uwielbiam te fotografi\u0119. Wida\u0107, \u017ce s\u0105 szcz\u0119\u015bliwi i zakochani. Jest to zdj\u0119cie z po\u0142owy lat 40.<\/p>\n","protected":false},"author":1,"featured_media":0,"comment_status":"closed","ping_status":"closed","sticky":false,"template":"","format":"standard","meta":{"footnotes":""},"categories":[1262,12],"tags":[1263,1271,1293,1292,1264,1272,1294,102,133,599],"class_list":["post-9713","post","type-post","status-publish","format-standard","hentry","category-momocinscy","category-stec","tag-bernarda-momocinska","tag-bernarda-stec","tag-bernarda-stecowa","tag-bernarda-z-momocinskich-stecowa","tag-berta-momocinska","tag-berta-stec","tag-berta-stecowa","tag-fotografia","tag-stefan-stec","tag-zdjecie"],"_links":{"self":[{"href":"http:\/\/piekarscy.com.pl\/index.php?rest_route=\/wp\/v2\/posts\/9713","targetHints":{"allow":["GET"]}}],"collection":[{"href":"http:\/\/piekarscy.com.pl\/index.php?rest_route=\/wp\/v2\/posts"}],"about":[{"href":"http:\/\/piekarscy.com.pl\/index.php?rest_route=\/wp\/v2\/types\/post"}],"author":[{"embeddable":true,"href":"http:\/\/piekarscy.com.pl\/index.php?rest_route=\/wp\/v2\/users\/1"}],"replies":[{"embeddable":true,"href":"http:\/\/piekarscy.com.pl\/index.php?rest_route=%2Fwp%2Fv2%2Fcomments&post=9713"}],"version-history":[{"count":1,"href":"http:\/\/piekarscy.com.pl\/index.php?rest_route=\/wp\/v2\/posts\/9713\/revisions"}],"predecessor-version":[{"id":9715,"href":"http:\/\/piekarscy.com.pl\/index.php?rest_route=\/wp\/v2\/posts\/9713\/revisions\/9715"}],"wp:attachment":[{"href":"http:\/\/piekarscy.com.pl\/index.php?rest_route=%2Fwp%2Fv2%2Fmedia&parent=9713"}],"wp:term":[{"taxonomy":"category","embeddable":true,"href":"http:\/\/piekarscy.com.pl\/index.php?rest_route=%2Fwp%2Fv2%2Fcategories&post=9713"},{"taxonomy":"post_tag","embeddable":true,"href":"http:\/\/piekarscy.com.pl\/index.php?rest_route=%2Fwp%2Fv2%2Ftags&post=9713"}],"curies":[{"name":"wp","href":"https:\/\/api.w.org\/{rel}","templated":true}]}}