{"id":9738,"date":"2017-09-11T05:06:56","date_gmt":"2017-09-11T05:06:56","guid":{"rendered":"http:\/\/piekarscy.com.pl\/?p=9738"},"modified":"2017-09-10T11:09:33","modified_gmt":"2017-09-10T11:09:33","slug":"wujek-z-ciocia-w-muzeum-wojska-polskiego","status":"publish","type":"post","link":"http:\/\/piekarscy.com.pl\/?p=9738","title":{"rendered":"Wujek z cioci\u0105 w Muzeum Wojska Polskiego"},"content":{"rendered":"<p>Wujek Stefan Stec &#8211; brat mojej mamy ze swoj\u0105 \u017con\u0105 cioci\u0105 Bernard\u0105 z Momoci\u0144skich Stecow\u0105 w Muzeum Wojska Polskiego. lata 50.<\/p>\n<p><a href=\"http:\/\/piekarscy.com.pl\/wp-content\/uploads\/2017\/09\/170.jpg\"><img loading=\"lazy\" decoding=\"async\" class=\"aligncenter size-medium wp-image-9739\" src=\"http:\/\/piekarscy.com.pl\/wp-content\/uploads\/2017\/09\/170-194x300.jpg\" alt=\"\" width=\"194\" height=\"300\" srcset=\"http:\/\/piekarscy.com.pl\/wp-content\/uploads\/2017\/09\/170-194x300.jpg 194w, http:\/\/piekarscy.com.pl\/wp-content\/uploads\/2017\/09\/170-663x1024.jpg 663w, http:\/\/piekarscy.com.pl\/wp-content\/uploads\/2017\/09\/170-624x964.jpg 624w, http:\/\/piekarscy.com.pl\/wp-content\/uploads\/2017\/09\/170.jpg 1325w\" sizes=\"auto, (max-width: 194px) 100vw, 194px\" \/><\/a><\/p>\n","protected":false},"excerpt":{"rendered":"<p>Wujek Stefan Stec &#8211; brat mojej mamy ze swoj\u0105 \u017con\u0105 cioci\u0105 Bernard\u0105 z Momoci\u0144skich Stecow\u0105 w Muzeum Wojska Polskiego. lata 50.<\/p>\n","protected":false},"author":1,"featured_media":0,"comment_status":"closed","ping_status":"closed","sticky":false,"template":"","format":"standard","meta":{"footnotes":""},"categories":[1262,12],"tags":[1263,1271,1293,1292,1264,1272,1294,102,133,599],"class_list":["post-9738","post","type-post","status-publish","format-standard","hentry","category-momocinscy","category-stec","tag-bernarda-momocinska","tag-bernarda-stec","tag-bernarda-stecowa","tag-bernarda-z-momocinskich-stecowa","tag-berta-momocinska","tag-berta-stec","tag-berta-stecowa","tag-fotografia","tag-stefan-stec","tag-zdjecie"],"_links":{"self":[{"href":"http:\/\/piekarscy.com.pl\/index.php?rest_route=\/wp\/v2\/posts\/9738","targetHints":{"allow":["GET"]}}],"collection":[{"href":"http:\/\/piekarscy.com.pl\/index.php?rest_route=\/wp\/v2\/posts"}],"about":[{"href":"http:\/\/piekarscy.com.pl\/index.php?rest_route=\/wp\/v2\/types\/post"}],"author":[{"embeddable":true,"href":"http:\/\/piekarscy.com.pl\/index.php?rest_route=\/wp\/v2\/users\/1"}],"replies":[{"embeddable":true,"href":"http:\/\/piekarscy.com.pl\/index.php?rest_route=%2Fwp%2Fv2%2Fcomments&post=9738"}],"version-history":[{"count":1,"href":"http:\/\/piekarscy.com.pl\/index.php?rest_route=\/wp\/v2\/posts\/9738\/revisions"}],"predecessor-version":[{"id":9740,"href":"http:\/\/piekarscy.com.pl\/index.php?rest_route=\/wp\/v2\/posts\/9738\/revisions\/9740"}],"wp:attachment":[{"href":"http:\/\/piekarscy.com.pl\/index.php?rest_route=%2Fwp%2Fv2%2Fmedia&parent=9738"}],"wp:term":[{"taxonomy":"category","embeddable":true,"href":"http:\/\/piekarscy.com.pl\/index.php?rest_route=%2Fwp%2Fv2%2Fcategories&post=9738"},{"taxonomy":"post_tag","embeddable":true,"href":"http:\/\/piekarscy.com.pl\/index.php?rest_route=%2Fwp%2Fv2%2Ftags&post=9738"}],"curies":[{"name":"wp","href":"https:\/\/api.w.org\/{rel}","templated":true}]}}