{"id":9742,"date":"2017-09-12T14:04:14","date_gmt":"2017-09-12T14:04:14","guid":{"rendered":"http:\/\/piekarscy.com.pl\/?p=9742"},"modified":"2017-09-13T14:07:29","modified_gmt":"2017-09-13T14:07:29","slug":"mama-z-corka-czyli-ciocia-berta-z-danusia","status":"publish","type":"post","link":"http:\/\/piekarscy.com.pl\/?p=9742","title":{"rendered":"Mama z c\u00f3rk\u0105, czyli ciocia Berta z Danusi\u0105"},"content":{"rendered":"<p>Bardzo lubi\u0119 to zdj\u0119cie. To moja ciocia Berta z Momoci\u0144skich Stecowa, \u017cona wujka Stefana Steca &#8211; brata mojej mamy, ze swoj\u0105 c\u00f3rk\u0105 Danusi\u0105. Lata 50.<a href=\"http:\/\/piekarscy.com.pl\/wp-content\/uploads\/2017\/09\/73.jpg\"><img loading=\"lazy\" decoding=\"async\" class=\"aligncenter size-medium wp-image-9743\" src=\"http:\/\/piekarscy.com.pl\/wp-content\/uploads\/2017\/09\/73-198x300.jpg\" alt=\"\" width=\"198\" height=\"300\" srcset=\"http:\/\/piekarscy.com.pl\/wp-content\/uploads\/2017\/09\/73-198x300.jpg 198w, http:\/\/piekarscy.com.pl\/wp-content\/uploads\/2017\/09\/73-677x1024.jpg 677w, http:\/\/piekarscy.com.pl\/wp-content\/uploads\/2017\/09\/73-624x944.jpg 624w, http:\/\/piekarscy.com.pl\/wp-content\/uploads\/2017\/09\/73.jpg 1326w\" sizes=\"auto, (max-width: 198px) 100vw, 198px\" \/><\/a><\/p>\n","protected":false},"excerpt":{"rendered":"<p>Bardzo lubi\u0119 to zdj\u0119cie. To moja ciocia Berta z Momoci\u0144skich Stecowa, \u017cona wujka Stefana Steca &#8211; brata mojej mamy, ze swoj\u0105 c\u00f3rk\u0105 Danusi\u0105. Lata 50.<\/p>\n","protected":false},"author":1,"featured_media":0,"comment_status":"closed","ping_status":"closed","sticky":false,"template":"","format":"standard","meta":{"footnotes":""},"categories":[1262,12],"tags":[1263,1271,1293,1292,1264,1272,1294,1296,240,1297,102,599],"class_list":["post-9742","post","type-post","status-publish","format-standard","hentry","category-momocinscy","category-stec","tag-bernarda-momocinska","tag-bernarda-stec","tag-bernarda-stecowa","tag-bernarda-z-momocinskich-stecowa","tag-berta-momocinska","tag-berta-stec","tag-berta-stecowa","tag-danuta-hennig","tag-danuta-stec","tag-danuta-ze-stecow-hennig","tag-fotografia","tag-zdjecie"],"_links":{"self":[{"href":"http:\/\/piekarscy.com.pl\/index.php?rest_route=\/wp\/v2\/posts\/9742","targetHints":{"allow":["GET"]}}],"collection":[{"href":"http:\/\/piekarscy.com.pl\/index.php?rest_route=\/wp\/v2\/posts"}],"about":[{"href":"http:\/\/piekarscy.com.pl\/index.php?rest_route=\/wp\/v2\/types\/post"}],"author":[{"embeddable":true,"href":"http:\/\/piekarscy.com.pl\/index.php?rest_route=\/wp\/v2\/users\/1"}],"replies":[{"embeddable":true,"href":"http:\/\/piekarscy.com.pl\/index.php?rest_route=%2Fwp%2Fv2%2Fcomments&post=9742"}],"version-history":[{"count":2,"href":"http:\/\/piekarscy.com.pl\/index.php?rest_route=\/wp\/v2\/posts\/9742\/revisions"}],"predecessor-version":[{"id":9745,"href":"http:\/\/piekarscy.com.pl\/index.php?rest_route=\/wp\/v2\/posts\/9742\/revisions\/9745"}],"wp:attachment":[{"href":"http:\/\/piekarscy.com.pl\/index.php?rest_route=%2Fwp%2Fv2%2Fmedia&parent=9742"}],"wp:term":[{"taxonomy":"category","embeddable":true,"href":"http:\/\/piekarscy.com.pl\/index.php?rest_route=%2Fwp%2Fv2%2Fcategories&post=9742"},{"taxonomy":"post_tag","embeddable":true,"href":"http:\/\/piekarscy.com.pl\/index.php?rest_route=%2Fwp%2Fv2%2Ftags&post=9742"}],"curies":[{"name":"wp","href":"https:\/\/api.w.org\/{rel}","templated":true}]}}