{"id":9749,"date":"2017-09-11T05:23:35","date_gmt":"2017-09-11T05:23:35","guid":{"rendered":"http:\/\/piekarscy.com.pl\/?p=9749"},"modified":"2017-09-13T14:27:58","modified_gmt":"2017-09-13T14:27:58","slug":"szczecinski-bal-karnawalowy","status":"publish","type":"post","link":"http:\/\/piekarscy.com.pl\/?p=9749","title":{"rendered":"Szczeci\u0144ski bal karnawa\u0142owy"},"content":{"rendered":"<p>Wujek i ciocia na jakim\u015b balu karnawa\u0142owym. Kim s\u0105 pozosta\u0142e osoby &#8211; nie wiem. na g\u00f3rnym zdj\u0119ciu brat mojej mamy &#8211; wujek Stefan Stec z jak\u0105\u015b pani\u0105, a na dolnym jego \u017cona, czyli ciocia Berta z Momoci\u0144skich Stecowa z jakim\u015b pa\u0144stwem. Lata 50.\u00a0<a href=\"http:\/\/piekarscy.com.pl\/wp-content\/uploads\/2017\/09\/157.jpg\"><img loading=\"lazy\" decoding=\"async\" class=\"aligncenter wp-image-9750 size-medium\" src=\"http:\/\/piekarscy.com.pl\/wp-content\/uploads\/2017\/09\/157-300x191.jpg\" alt=\"\" width=\"300\" height=\"191\" srcset=\"http:\/\/piekarscy.com.pl\/wp-content\/uploads\/2017\/09\/157-300x191.jpg 300w, http:\/\/piekarscy.com.pl\/wp-content\/uploads\/2017\/09\/157-1024x653.jpg 1024w, http:\/\/piekarscy.com.pl\/wp-content\/uploads\/2017\/09\/157-624x398.jpg 624w\" sizes=\"auto, (max-width: 300px) 100vw, 300px\" \/><\/a><\/p>\n<p><a href=\"http:\/\/piekarscy.com.pl\/wp-content\/uploads\/2017\/09\/129.jpg\"><img loading=\"lazy\" decoding=\"async\" class=\"aligncenter wp-image-9751 size-medium\" src=\"http:\/\/piekarscy.com.pl\/wp-content\/uploads\/2017\/09\/129-300x191.jpg\" alt=\"\" width=\"300\" height=\"191\" srcset=\"http:\/\/piekarscy.com.pl\/wp-content\/uploads\/2017\/09\/129-300x191.jpg 300w, http:\/\/piekarscy.com.pl\/wp-content\/uploads\/2017\/09\/129-1024x651.jpg 1024w, http:\/\/piekarscy.com.pl\/wp-content\/uploads\/2017\/09\/129-624x397.jpg 624w\" sizes=\"auto, (max-width: 300px) 100vw, 300px\" \/><\/a><\/p>\n","protected":false},"excerpt":{"rendered":"<p>Wujek i ciocia na jakim\u015b balu karnawa\u0142owym. Kim s\u0105 pozosta\u0142e osoby &#8211; nie wiem. na g\u00f3rnym zdj\u0119ciu brat mojej mamy &#8211; wujek Stefan Stec z jak\u0105\u015b pani\u0105, a na dolnym jego \u017cona, czyli ciocia Berta z Momoci\u0144skich Stecowa z jakim\u015b pa\u0144stwem. Lata 50.\u00a0<\/p>\n","protected":false},"author":1,"featured_media":0,"comment_status":"closed","ping_status":"closed","sticky":false,"template":"","format":"standard","meta":{"footnotes":""},"categories":[1262,12],"tags":[1263,1271,1293,1292,1264,1272,1294,1296,240,1297,102,133,599],"class_list":["post-9749","post","type-post","status-publish","format-standard","hentry","category-momocinscy","category-stec","tag-bernarda-momocinska","tag-bernarda-stec","tag-bernarda-stecowa","tag-bernarda-z-momocinskich-stecowa","tag-berta-momocinska","tag-berta-stec","tag-berta-stecowa","tag-danuta-hennig","tag-danuta-stec","tag-danuta-ze-stecow-hennig","tag-fotografia","tag-stefan-stec","tag-zdjecie"],"_links":{"self":[{"href":"http:\/\/piekarscy.com.pl\/index.php?rest_route=\/wp\/v2\/posts\/9749","targetHints":{"allow":["GET"]}}],"collection":[{"href":"http:\/\/piekarscy.com.pl\/index.php?rest_route=\/wp\/v2\/posts"}],"about":[{"href":"http:\/\/piekarscy.com.pl\/index.php?rest_route=\/wp\/v2\/types\/post"}],"author":[{"embeddable":true,"href":"http:\/\/piekarscy.com.pl\/index.php?rest_route=\/wp\/v2\/users\/1"}],"replies":[{"embeddable":true,"href":"http:\/\/piekarscy.com.pl\/index.php?rest_route=%2Fwp%2Fv2%2Fcomments&post=9749"}],"version-history":[{"count":2,"href":"http:\/\/piekarscy.com.pl\/index.php?rest_route=\/wp\/v2\/posts\/9749\/revisions"}],"predecessor-version":[{"id":9753,"href":"http:\/\/piekarscy.com.pl\/index.php?rest_route=\/wp\/v2\/posts\/9749\/revisions\/9753"}],"wp:attachment":[{"href":"http:\/\/piekarscy.com.pl\/index.php?rest_route=%2Fwp%2Fv2%2Fmedia&parent=9749"}],"wp:term":[{"taxonomy":"category","embeddable":true,"href":"http:\/\/piekarscy.com.pl\/index.php?rest_route=%2Fwp%2Fv2%2Fcategories&post=9749"},{"taxonomy":"post_tag","embeddable":true,"href":"http:\/\/piekarscy.com.pl\/index.php?rest_route=%2Fwp%2Fv2%2Ftags&post=9749"}],"curies":[{"name":"wp","href":"https:\/\/api.w.org\/{rel}","templated":true}]}}