{"id":9754,"date":"2017-09-15T11:54:22","date_gmt":"2017-09-15T11:54:22","guid":{"rendered":"http:\/\/piekarscy.com.pl\/?p=9754"},"modified":"2017-09-14T13:15:38","modified_gmt":"2017-09-14T13:15:38","slug":"moja-siostra-danusia-jako-dziewczynka","status":"publish","type":"post","link":"http:\/\/piekarscy.com.pl\/?p=9754","title":{"rendered":"Moja siostra Danusia, jako dziewczynka"},"content":{"rendered":"<p>Nie wiem co to za dzieci. Wiem, \u017ce zdj\u0119cie z lat 50. Danusia &#8211; moja wujeczna siostra, c\u00f3rka wuja Stefana Steca i cioci Berty z Momoci\u0144skich to ta dziewczynka w czarnej sukieneczce. Podobne zdj\u0119cie ju\u017c tu by\u0142o publikowane. To jest w innym uj\u0119ciu.<a href=\"http:\/\/piekarscy.com.pl\/wp-content\/uploads\/2017\/09\/144.jpg\"><img loading=\"lazy\" decoding=\"async\" class=\"aligncenter size-medium wp-image-9764\" src=\"http:\/\/piekarscy.com.pl\/wp-content\/uploads\/2017\/09\/144-300x198.jpg\" alt=\"\" width=\"300\" height=\"198\" srcset=\"http:\/\/piekarscy.com.pl\/wp-content\/uploads\/2017\/09\/144-300x198.jpg 300w, http:\/\/piekarscy.com.pl\/wp-content\/uploads\/2017\/09\/144-1024x675.jpg 1024w, http:\/\/piekarscy.com.pl\/wp-content\/uploads\/2017\/09\/144-624x411.jpg 624w, http:\/\/piekarscy.com.pl\/wp-content\/uploads\/2017\/09\/144.jpg 1944w\" sizes=\"auto, (max-width: 300px) 100vw, 300px\" \/><\/a><\/p>\n<p>&nbsp;<\/p>\n<p>&nbsp;<\/p>\n","protected":false},"excerpt":{"rendered":"<p>Nie wiem co to za dzieci. Wiem, \u017ce zdj\u0119cie z lat 50. Danusia &#8211; moja wujeczna siostra, c\u00f3rka wuja Stefana Steca i cioci Berty z Momoci\u0144skich to ta dziewczynka w czarnej sukieneczce. Podobne zdj\u0119cie ju\u017c tu by\u0142o publikowane. To jest w innym uj\u0119ciu. &nbsp; &nbsp;<\/p>\n","protected":false},"author":1,"featured_media":0,"comment_status":"closed","ping_status":"closed","sticky":false,"template":"","format":"standard","meta":{"footnotes":""},"categories":[12],"tags":[240,102,599],"class_list":["post-9754","post","type-post","status-publish","format-standard","hentry","category-stec","tag-danuta-stec","tag-fotografia","tag-zdjecie"],"_links":{"self":[{"href":"http:\/\/piekarscy.com.pl\/index.php?rest_route=\/wp\/v2\/posts\/9754","targetHints":{"allow":["GET"]}}],"collection":[{"href":"http:\/\/piekarscy.com.pl\/index.php?rest_route=\/wp\/v2\/posts"}],"about":[{"href":"http:\/\/piekarscy.com.pl\/index.php?rest_route=\/wp\/v2\/types\/post"}],"author":[{"embeddable":true,"href":"http:\/\/piekarscy.com.pl\/index.php?rest_route=\/wp\/v2\/users\/1"}],"replies":[{"embeddable":true,"href":"http:\/\/piekarscy.com.pl\/index.php?rest_route=%2Fwp%2Fv2%2Fcomments&post=9754"}],"version-history":[{"count":3,"href":"http:\/\/piekarscy.com.pl\/index.php?rest_route=\/wp\/v2\/posts\/9754\/revisions"}],"predecessor-version":[{"id":9765,"href":"http:\/\/piekarscy.com.pl\/index.php?rest_route=\/wp\/v2\/posts\/9754\/revisions\/9765"}],"wp:attachment":[{"href":"http:\/\/piekarscy.com.pl\/index.php?rest_route=%2Fwp%2Fv2%2Fmedia&parent=9754"}],"wp:term":[{"taxonomy":"category","embeddable":true,"href":"http:\/\/piekarscy.com.pl\/index.php?rest_route=%2Fwp%2Fv2%2Fcategories&post=9754"},{"taxonomy":"post_tag","embeddable":true,"href":"http:\/\/piekarscy.com.pl\/index.php?rest_route=%2Fwp%2Fv2%2Ftags&post=9754"}],"curies":[{"name":"wp","href":"https:\/\/api.w.org\/{rel}","templated":true}]}}