{"id":9785,"date":"2017-09-21T11:07:39","date_gmt":"2017-09-21T11:07:39","guid":{"rendered":"http:\/\/piekarscy.com.pl\/?p=9785"},"modified":"2017-09-18T11:12:31","modified_gmt":"2017-09-18T11:12:31","slug":"moja-mama-z-bratowa","status":"publish","type":"post","link":"http:\/\/piekarscy.com.pl\/?p=9785","title":{"rendered":"Moja mama z bratow\u0105"},"content":{"rendered":"<p>Oto\u00a0ciocia Berta z Momoci\u0144skich, bratowa mojej mamy, \u017cona wujka Stefana Steca i moja mama Halina ze Stec\u00f3w Piekarska. Zdj\u0119cie z wad\u0105, ale&#8230; lata 50.<\/p>\n<p><a href=\"http:\/\/piekarscy.com.pl\/wp-content\/uploads\/2017\/09\/192.jpg\"><img loading=\"lazy\" decoding=\"async\" class=\"aligncenter size-medium wp-image-9786\" src=\"http:\/\/piekarscy.com.pl\/wp-content\/uploads\/2017\/09\/192-190x300.jpg\" alt=\"\" width=\"190\" height=\"300\" srcset=\"http:\/\/piekarscy.com.pl\/wp-content\/uploads\/2017\/09\/192-190x300.jpg 190w, http:\/\/piekarscy.com.pl\/wp-content\/uploads\/2017\/09\/192-648x1024.jpg 648w, http:\/\/piekarscy.com.pl\/wp-content\/uploads\/2017\/09\/192-624x987.jpg 624w, http:\/\/piekarscy.com.pl\/wp-content\/uploads\/2017\/09\/192.jpg 1223w\" sizes=\"auto, (max-width: 190px) 100vw, 190px\" \/><\/a><\/p>\n","protected":false},"excerpt":{"rendered":"<p>Oto\u00a0ciocia Berta z Momoci\u0144skich, bratowa mojej mamy, \u017cona wujka Stefana Steca i moja mama Halina ze Stec\u00f3w Piekarska. Zdj\u0119cie z wad\u0105, ale&#8230; lata 50.<\/p>\n","protected":false},"author":1,"featured_media":0,"comment_status":"closed","ping_status":"closed","sticky":false,"template":"","format":"standard","meta":{"footnotes":""},"categories":[1262,3,12],"tags":[1263,1271,1293,1292,1264,1272,1294,102,702,703,701,599],"class_list":["post-9785","post","type-post","status-publish","format-standard","hentry","category-momocinscy","category-piekarscy","category-stec","tag-bernarda-momocinska","tag-bernarda-stec","tag-bernarda-stecowa","tag-bernarda-z-momocinskich-stecowa","tag-berta-momocinska","tag-berta-stec","tag-berta-stecowa","tag-fotografia","tag-halina-malgorzata-stec","tag-halina-malgorzata-stec-piekarska","tag-halina-malgorzata-ze-stecow-piekarska","tag-zdjecie"],"_links":{"self":[{"href":"http:\/\/piekarscy.com.pl\/index.php?rest_route=\/wp\/v2\/posts\/9785","targetHints":{"allow":["GET"]}}],"collection":[{"href":"http:\/\/piekarscy.com.pl\/index.php?rest_route=\/wp\/v2\/posts"}],"about":[{"href":"http:\/\/piekarscy.com.pl\/index.php?rest_route=\/wp\/v2\/types\/post"}],"author":[{"embeddable":true,"href":"http:\/\/piekarscy.com.pl\/index.php?rest_route=\/wp\/v2\/users\/1"}],"replies":[{"embeddable":true,"href":"http:\/\/piekarscy.com.pl\/index.php?rest_route=%2Fwp%2Fv2%2Fcomments&post=9785"}],"version-history":[{"count":1,"href":"http:\/\/piekarscy.com.pl\/index.php?rest_route=\/wp\/v2\/posts\/9785\/revisions"}],"predecessor-version":[{"id":9787,"href":"http:\/\/piekarscy.com.pl\/index.php?rest_route=\/wp\/v2\/posts\/9785\/revisions\/9787"}],"wp:attachment":[{"href":"http:\/\/piekarscy.com.pl\/index.php?rest_route=%2Fwp%2Fv2%2Fmedia&parent=9785"}],"wp:term":[{"taxonomy":"category","embeddable":true,"href":"http:\/\/piekarscy.com.pl\/index.php?rest_route=%2Fwp%2Fv2%2Fcategories&post=9785"},{"taxonomy":"post_tag","embeddable":true,"href":"http:\/\/piekarscy.com.pl\/index.php?rest_route=%2Fwp%2Fv2%2Ftags&post=9785"}],"curies":[{"name":"wp","href":"https:\/\/api.w.org\/{rel}","templated":true}]}}