{"id":9789,"date":"2017-09-22T16:19:35","date_gmt":"2017-09-22T16:19:35","guid":{"rendered":"http:\/\/piekarscy.com.pl\/?p=9789"},"modified":"2017-09-22T16:19:35","modified_gmt":"2017-09-22T16:19:35","slug":"ciocia-na-borowkobraniu","status":"publish","type":"post","link":"http:\/\/piekarscy.com.pl\/?p=9789","title":{"rendered":"Ciocia na bor\u00f3wkobraniu"},"content":{"rendered":"<p>Zbieranie bor\u00f3wek by\u0142o czym\u015b co w wakacje jednoczy\u0142o rodzin\u0119. Tu ciocia Berta z Momoci\u0144skich Stecowa, bratowa mojej mamy, czyli \u017cona jej brata Stefana Steca na jakim\u015b bor\u00f3wkowym stanowisku. Lata 70.<a href=\"http:\/\/piekarscy.com.pl\/wp-content\/uploads\/2017\/09\/152.jpg\"><br \/>\n<img loading=\"lazy\" decoding=\"async\" class=\"aligncenter wp-image-9791 size-medium\" src=\"http:\/\/piekarscy.com.pl\/wp-content\/uploads\/2017\/09\/152-300x210.jpg\" alt=\"\" width=\"300\" height=\"210\" srcset=\"http:\/\/piekarscy.com.pl\/wp-content\/uploads\/2017\/09\/152-300x210.jpg 300w, http:\/\/piekarscy.com.pl\/wp-content\/uploads\/2017\/09\/152-1024x718.jpg 1024w, http:\/\/piekarscy.com.pl\/wp-content\/uploads\/2017\/09\/152-624x437.jpg 624w\" sizes=\"auto, (max-width: 300px) 100vw, 300px\" \/><\/a><\/p>\n","protected":false},"excerpt":{"rendered":"<p>Zbieranie bor\u00f3wek by\u0142o czym\u015b co w wakacje jednoczy\u0142o rodzin\u0119. Tu ciocia Berta z Momoci\u0144skich Stecowa, bratowa mojej mamy, czyli \u017cona jej brata Stefana Steca na jakim\u015b bor\u00f3wkowym stanowisku. Lata 70.<\/p>\n","protected":false},"author":1,"featured_media":0,"comment_status":"closed","ping_status":"closed","sticky":false,"template":"","format":"standard","meta":{"footnotes":""},"categories":[1262,12],"tags":[1263,1271,1293,1292,1264,1272,1294,102,599],"class_list":["post-9789","post","type-post","status-publish","format-standard","hentry","category-momocinscy","category-stec","tag-bernarda-momocinska","tag-bernarda-stec","tag-bernarda-stecowa","tag-bernarda-z-momocinskich-stecowa","tag-berta-momocinska","tag-berta-stec","tag-berta-stecowa","tag-fotografia","tag-zdjecie"],"_links":{"self":[{"href":"http:\/\/piekarscy.com.pl\/index.php?rest_route=\/wp\/v2\/posts\/9789","targetHints":{"allow":["GET"]}}],"collection":[{"href":"http:\/\/piekarscy.com.pl\/index.php?rest_route=\/wp\/v2\/posts"}],"about":[{"href":"http:\/\/piekarscy.com.pl\/index.php?rest_route=\/wp\/v2\/types\/post"}],"author":[{"embeddable":true,"href":"http:\/\/piekarscy.com.pl\/index.php?rest_route=\/wp\/v2\/users\/1"}],"replies":[{"embeddable":true,"href":"http:\/\/piekarscy.com.pl\/index.php?rest_route=%2Fwp%2Fv2%2Fcomments&post=9789"}],"version-history":[{"count":1,"href":"http:\/\/piekarscy.com.pl\/index.php?rest_route=\/wp\/v2\/posts\/9789\/revisions"}],"predecessor-version":[{"id":9792,"href":"http:\/\/piekarscy.com.pl\/index.php?rest_route=\/wp\/v2\/posts\/9789\/revisions\/9792"}],"wp:attachment":[{"href":"http:\/\/piekarscy.com.pl\/index.php?rest_route=%2Fwp%2Fv2%2Fmedia&parent=9789"}],"wp:term":[{"taxonomy":"category","embeddable":true,"href":"http:\/\/piekarscy.com.pl\/index.php?rest_route=%2Fwp%2Fv2%2Fcategories&post=9789"},{"taxonomy":"post_tag","embeddable":true,"href":"http:\/\/piekarscy.com.pl\/index.php?rest_route=%2Fwp%2Fv2%2Ftags&post=9789"}],"curies":[{"name":"wp","href":"https:\/\/api.w.org\/{rel}","templated":true}]}}