{"id":9817,"date":"2017-09-29T10:58:00","date_gmt":"2017-09-29T10:58:00","guid":{"rendered":"http:\/\/piekarscy.com.pl\/?p=9817"},"modified":"2017-09-23T22:02:26","modified_gmt":"2017-09-23T22:02:26","slug":"wujek-i-ciocia-z-malym-mackiem","status":"publish","type":"post","link":"http:\/\/piekarscy.com.pl\/?p=9817","title":{"rendered":"Wujek i ciocia z ma\u0142ym Ma\u0107kiem"},"content":{"rendered":"<p>Wujek Stefan Stec z zon\u0105, cioci\u0105 Bert\u0105 z Momoci\u0144skich i pierworodnym synem Ma\u0107kiem. Rok 1945.<a href=\"http:\/\/piekarscy.com.pl\/wp-content\/uploads\/2017\/09\/125.jpg\"><img loading=\"lazy\" decoding=\"async\" class=\"aligncenter wp-image-9818 size-medium\" src=\"http:\/\/piekarscy.com.pl\/wp-content\/uploads\/2017\/09\/125-300x183.jpg\" alt=\"\" width=\"300\" height=\"183\" srcset=\"http:\/\/piekarscy.com.pl\/wp-content\/uploads\/2017\/09\/125-300x183.jpg 300w, http:\/\/piekarscy.com.pl\/wp-content\/uploads\/2017\/09\/125-1024x626.jpg 1024w, http:\/\/piekarscy.com.pl\/wp-content\/uploads\/2017\/09\/125-624x381.jpg 624w, http:\/\/piekarscy.com.pl\/wp-content\/uploads\/2017\/09\/125.jpg 1855w\" sizes=\"auto, (max-width: 300px) 100vw, 300px\" \/><\/a><\/p>\n","protected":false},"excerpt":{"rendered":"<p>Wujek Stefan Stec z zon\u0105, cioci\u0105 Bert\u0105 z Momoci\u0144skich i pierworodnym synem Ma\u0107kiem. Rok 1945.<\/p>\n","protected":false},"author":1,"featured_media":0,"comment_status":"closed","ping_status":"closed","sticky":false,"template":"","format":"standard","meta":{"footnotes":""},"categories":[1262,12],"tags":[1263,1271,1293,1292,1264,1272,1294,102,1269,133,599],"class_list":["post-9817","post","type-post","status-publish","format-standard","hentry","category-momocinscy","category-stec","tag-bernarda-momocinska","tag-bernarda-stec","tag-bernarda-stecowa","tag-bernarda-z-momocinskich-stecowa","tag-berta-momocinska","tag-berta-stec","tag-berta-stecowa","tag-fotografia","tag-leszek-maciej-stec","tag-stefan-stec","tag-zdjecie"],"_links":{"self":[{"href":"http:\/\/piekarscy.com.pl\/index.php?rest_route=\/wp\/v2\/posts\/9817","targetHints":{"allow":["GET"]}}],"collection":[{"href":"http:\/\/piekarscy.com.pl\/index.php?rest_route=\/wp\/v2\/posts"}],"about":[{"href":"http:\/\/piekarscy.com.pl\/index.php?rest_route=\/wp\/v2\/types\/post"}],"author":[{"embeddable":true,"href":"http:\/\/piekarscy.com.pl\/index.php?rest_route=\/wp\/v2\/users\/1"}],"replies":[{"embeddable":true,"href":"http:\/\/piekarscy.com.pl\/index.php?rest_route=%2Fwp%2Fv2%2Fcomments&post=9817"}],"version-history":[{"count":1,"href":"http:\/\/piekarscy.com.pl\/index.php?rest_route=\/wp\/v2\/posts\/9817\/revisions"}],"predecessor-version":[{"id":9819,"href":"http:\/\/piekarscy.com.pl\/index.php?rest_route=\/wp\/v2\/posts\/9817\/revisions\/9819"}],"wp:attachment":[{"href":"http:\/\/piekarscy.com.pl\/index.php?rest_route=%2Fwp%2Fv2%2Fmedia&parent=9817"}],"wp:term":[{"taxonomy":"category","embeddable":true,"href":"http:\/\/piekarscy.com.pl\/index.php?rest_route=%2Fwp%2Fv2%2Fcategories&post=9817"},{"taxonomy":"post_tag","embeddable":true,"href":"http:\/\/piekarscy.com.pl\/index.php?rest_route=%2Fwp%2Fv2%2Ftags&post=9817"}],"curies":[{"name":"wp","href":"https:\/\/api.w.org\/{rel}","templated":true}]}}