{"id":9821,"date":"2017-09-30T10:03:18","date_gmt":"2017-09-30T10:03:18","guid":{"rendered":"http:\/\/piekarscy.com.pl\/?p=9821"},"modified":"2017-09-23T22:05:59","modified_gmt":"2017-09-23T22:05:59","slug":"siostry-w-ogrodzie","status":"publish","type":"post","link":"http:\/\/piekarscy.com.pl\/?p=9821","title":{"rendered":"Siostry w ogrodzie"},"content":{"rendered":"<p>To bratowa mojej mamy, czyli ciocia berta z Momoci\u0144skich Stecow\u0105 ze swoj\u0105 siostr\u0105 Janin\u0105 Sysak.\u00a0<a href=\"http:\/\/piekarscy.com.pl\/wp-content\/uploads\/2017\/09\/83.jpg\"><img loading=\"lazy\" decoding=\"async\" class=\"aligncenter size-medium wp-image-9822\" src=\"http:\/\/piekarscy.com.pl\/wp-content\/uploads\/2017\/09\/83-203x300.jpg\" alt=\"\" width=\"203\" height=\"300\" srcset=\"http:\/\/piekarscy.com.pl\/wp-content\/uploads\/2017\/09\/83-203x300.jpg 203w, http:\/\/piekarscy.com.pl\/wp-content\/uploads\/2017\/09\/83-693x1024.jpg 693w, http:\/\/piekarscy.com.pl\/wp-content\/uploads\/2017\/09\/83-624x922.jpg 624w, http:\/\/piekarscy.com.pl\/wp-content\/uploads\/2017\/09\/83.jpg 1647w\" sizes=\"auto, (max-width: 203px) 100vw, 203px\" \/><\/a><\/p>\n","protected":false},"excerpt":{"rendered":"<p>To bratowa mojej mamy, czyli ciocia berta z Momoci\u0144skich Stecow\u0105 ze swoj\u0105 siostr\u0105 Janin\u0105 Sysak.\u00a0<\/p>\n","protected":false},"author":1,"featured_media":0,"comment_status":"closed","ping_status":"closed","sticky":false,"template":"","format":"standard","meta":{"footnotes":""},"categories":[1262,12,1333],"tags":[1263,1271,1293,1292,1264,1272,1294,102,1335,1336,1337,1334,599],"class_list":["post-9821","post","type-post","status-publish","format-standard","hentry","category-momocinscy","category-stec","category-sysak","tag-bernarda-momocinska","tag-bernarda-stec","tag-bernarda-stecowa","tag-bernarda-z-momocinskich-stecowa","tag-berta-momocinska","tag-berta-stec","tag-berta-stecowa","tag-fotografia","tag-janina-momocinska","tag-janina-sysak","tag-janina-sysakowa","tag-janina-z-momocinskich-sysakowa","tag-zdjecie"],"_links":{"self":[{"href":"http:\/\/piekarscy.com.pl\/index.php?rest_route=\/wp\/v2\/posts\/9821","targetHints":{"allow":["GET"]}}],"collection":[{"href":"http:\/\/piekarscy.com.pl\/index.php?rest_route=\/wp\/v2\/posts"}],"about":[{"href":"http:\/\/piekarscy.com.pl\/index.php?rest_route=\/wp\/v2\/types\/post"}],"author":[{"embeddable":true,"href":"http:\/\/piekarscy.com.pl\/index.php?rest_route=\/wp\/v2\/users\/1"}],"replies":[{"embeddable":true,"href":"http:\/\/piekarscy.com.pl\/index.php?rest_route=%2Fwp%2Fv2%2Fcomments&post=9821"}],"version-history":[{"count":1,"href":"http:\/\/piekarscy.com.pl\/index.php?rest_route=\/wp\/v2\/posts\/9821\/revisions"}],"predecessor-version":[{"id":9823,"href":"http:\/\/piekarscy.com.pl\/index.php?rest_route=\/wp\/v2\/posts\/9821\/revisions\/9823"}],"wp:attachment":[{"href":"http:\/\/piekarscy.com.pl\/index.php?rest_route=%2Fwp%2Fv2%2Fmedia&parent=9821"}],"wp:term":[{"taxonomy":"category","embeddable":true,"href":"http:\/\/piekarscy.com.pl\/index.php?rest_route=%2Fwp%2Fv2%2Fcategories&post=9821"},{"taxonomy":"post_tag","embeddable":true,"href":"http:\/\/piekarscy.com.pl\/index.php?rest_route=%2Fwp%2Fv2%2Ftags&post=9821"}],"curies":[{"name":"wp","href":"https:\/\/api.w.org\/{rel}","templated":true}]}}