{"id":983,"date":"2014-02-02T00:33:11","date_gmt":"2014-02-02T00:33:11","guid":{"rendered":"http:\/\/piekarscy.com.pl\/?p=983"},"modified":"2014-02-06T20:35:57","modified_gmt":"2014-02-06T20:35:57","slug":"kalendarzyk-kieszonkowy-pradziadka-antoniego-rok-1903","status":"publish","type":"post","link":"http:\/\/piekarscy.com.pl\/?p=983","title":{"rendered":"Kalendarzyk kieszonkowy pradziadka Antoniego rok 1909 cz. 1"},"content":{"rendered":"<p>By\u0142 ju\u017c kalendarzyk pradziadka Antoniego Adamskiego z 1903 roku. Czas na ten z 1909-go. Sporo w nim informacji i&#8230; wierszy wpisanych tu przez w\u0142a\u015bciciela. Oto pierwsza cz\u0119\u015b\u0107 kalendarzyka&#8230;<a href=\"http:\/\/piekarscy.com.pl\/wp-content\/uploads\/2014\/01\/kalendarz-1909-1.jpg\"><img loading=\"lazy\" decoding=\"async\" class=\"aligncenter size-medium wp-image-984\" alt=\"kalendarz 1909-1\" src=\"http:\/\/piekarscy.com.pl\/wp-content\/uploads\/2014\/01\/kalendarz-1909-1-224x300.jpg\" width=\"224\" height=\"300\" srcset=\"http:\/\/piekarscy.com.pl\/wp-content\/uploads\/2014\/01\/kalendarz-1909-1-224x300.jpg 224w, http:\/\/piekarscy.com.pl\/wp-content\/uploads\/2014\/01\/kalendarz-1909-1-766x1024.jpg 766w, http:\/\/piekarscy.com.pl\/wp-content\/uploads\/2014\/01\/kalendarz-1909-1-624x834.jpg 624w\" sizes=\"auto, (max-width: 224px) 100vw, 224px\" \/><\/a> <a href=\"http:\/\/piekarscy.com.pl\/wp-content\/uploads\/2014\/01\/kalendarz-1909-2.jpg\"><img loading=\"lazy\" decoding=\"async\" class=\"aligncenter size-medium wp-image-985\" alt=\"kalendarz 1909-2\" src=\"http:\/\/piekarscy.com.pl\/wp-content\/uploads\/2014\/01\/kalendarz-1909-2-300x215.jpg\" width=\"300\" height=\"215\" srcset=\"http:\/\/piekarscy.com.pl\/wp-content\/uploads\/2014\/01\/kalendarz-1909-2-300x215.jpg 300w, http:\/\/piekarscy.com.pl\/wp-content\/uploads\/2014\/01\/kalendarz-1909-2-1024x736.jpg 1024w, http:\/\/piekarscy.com.pl\/wp-content\/uploads\/2014\/01\/kalendarz-1909-2-624x448.jpg 624w\" sizes=\"auto, (max-width: 300px) 100vw, 300px\" \/><\/a> <a href=\"http:\/\/piekarscy.com.pl\/wp-content\/uploads\/2014\/01\/kalendarz-1909-3.jpg\"><img loading=\"lazy\" decoding=\"async\" class=\"aligncenter size-medium wp-image-986\" alt=\"kalendarz 1909-3\" src=\"http:\/\/piekarscy.com.pl\/wp-content\/uploads\/2014\/01\/kalendarz-1909-3-300x219.jpg\" width=\"300\" height=\"219\" srcset=\"http:\/\/piekarscy.com.pl\/wp-content\/uploads\/2014\/01\/kalendarz-1909-3-300x219.jpg 300w, http:\/\/piekarscy.com.pl\/wp-content\/uploads\/2014\/01\/kalendarz-1909-3-1024x748.jpg 1024w, http:\/\/piekarscy.com.pl\/wp-content\/uploads\/2014\/01\/kalendarz-1909-3-624x455.jpg 624w\" sizes=\"auto, (max-width: 300px) 100vw, 300px\" \/><\/a> <a href=\"http:\/\/piekarscy.com.pl\/wp-content\/uploads\/2014\/01\/kalendarz-1909-4.jpg\"><img loading=\"lazy\" decoding=\"async\" class=\"aligncenter size-medium wp-image-987\" alt=\"kalendarz 1909-4\" src=\"http:\/\/piekarscy.com.pl\/wp-content\/uploads\/2014\/01\/kalendarz-1909-4-300x235.jpg\" width=\"300\" height=\"235\" srcset=\"http:\/\/piekarscy.com.pl\/wp-content\/uploads\/2014\/01\/kalendarz-1909-4-300x235.jpg 300w, http:\/\/piekarscy.com.pl\/wp-content\/uploads\/2014\/01\/kalendarz-1909-4-1024x802.jpg 1024w, http:\/\/piekarscy.com.pl\/wp-content\/uploads\/2014\/01\/kalendarz-1909-4-624x489.jpg 624w\" sizes=\"auto, (max-width: 300px) 100vw, 300px\" \/><\/a> <a href=\"http:\/\/piekarscy.com.pl\/wp-content\/uploads\/2014\/01\/kalendarz-1909-5.jpg\"><img loading=\"lazy\" decoding=\"async\" class=\"aligncenter size-medium wp-image-988\" alt=\"kalendarz 1909-5\" src=\"http:\/\/piekarscy.com.pl\/wp-content\/uploads\/2014\/01\/kalendarz-1909-5-300x229.jpg\" width=\"300\" height=\"229\" srcset=\"http:\/\/piekarscy.com.pl\/wp-content\/uploads\/2014\/01\/kalendarz-1909-5-300x229.jpg 300w, http:\/\/piekarscy.com.pl\/wp-content\/uploads\/2014\/01\/kalendarz-1909-5-1024x783.jpg 1024w, http:\/\/piekarscy.com.pl\/wp-content\/uploads\/2014\/01\/kalendarz-1909-5-624x477.jpg 624w\" sizes=\"auto, (max-width: 300px) 100vw, 300px\" \/><\/a> <a href=\"http:\/\/piekarscy.com.pl\/wp-content\/uploads\/2014\/01\/kalendarz-1909-6.jpg\"><img loading=\"lazy\" decoding=\"async\" class=\"aligncenter size-medium wp-image-989\" alt=\"kalendarz 1909-6\" src=\"http:\/\/piekarscy.com.pl\/wp-content\/uploads\/2014\/01\/kalendarz-1909-6-300x204.jpg\" width=\"300\" height=\"204\" srcset=\"http:\/\/piekarscy.com.pl\/wp-content\/uploads\/2014\/01\/kalendarz-1909-6-300x204.jpg 300w, http:\/\/piekarscy.com.pl\/wp-content\/uploads\/2014\/01\/kalendarz-1909-6-1024x698.jpg 1024w, http:\/\/piekarscy.com.pl\/wp-content\/uploads\/2014\/01\/kalendarz-1909-6-624x425.jpg 624w\" sizes=\"auto, (max-width: 300px) 100vw, 300px\" \/><\/a> <a href=\"http:\/\/piekarscy.com.pl\/wp-content\/uploads\/2014\/01\/kalendarz-1909-7.jpg\"><img loading=\"lazy\" decoding=\"async\" class=\"aligncenter size-medium wp-image-990\" alt=\"kalendarz 1909-7\" src=\"http:\/\/piekarscy.com.pl\/wp-content\/uploads\/2014\/01\/kalendarz-1909-7-300x230.jpg\" width=\"300\" height=\"230\" srcset=\"http:\/\/piekarscy.com.pl\/wp-content\/uploads\/2014\/01\/kalendarz-1909-7-300x230.jpg 300w, http:\/\/piekarscy.com.pl\/wp-content\/uploads\/2014\/01\/kalendarz-1909-7-1024x786.jpg 1024w, http:\/\/piekarscy.com.pl\/wp-content\/uploads\/2014\/01\/kalendarz-1909-7-624x479.jpg 624w\" sizes=\"auto, (max-width: 300px) 100vw, 300px\" \/><\/a> <a href=\"http:\/\/piekarscy.com.pl\/wp-content\/uploads\/2014\/01\/kalendarz-1909-8.jpg\"><img loading=\"lazy\" decoding=\"async\" class=\"aligncenter size-medium wp-image-991\" alt=\"kalendarz 1909-8\" src=\"http:\/\/piekarscy.com.pl\/wp-content\/uploads\/2014\/01\/kalendarz-1909-8-300x217.jpg\" width=\"300\" height=\"217\" srcset=\"http:\/\/piekarscy.com.pl\/wp-content\/uploads\/2014\/01\/kalendarz-1909-8-300x217.jpg 300w, http:\/\/piekarscy.com.pl\/wp-content\/uploads\/2014\/01\/kalendarz-1909-8-1024x740.jpg 1024w, http:\/\/piekarscy.com.pl\/wp-content\/uploads\/2014\/01\/kalendarz-1909-8-624x451.jpg 624w\" sizes=\"auto, (max-width: 300px) 100vw, 300px\" \/><\/a><\/p>\n","protected":false},"excerpt":{"rendered":"<p>By\u0142 ju\u017c kalendarzyk pradziadka Antoniego Adamskiego z 1903 roku. Czas na ten z 1909-go. Sporo w nim informacji i&#8230; wierszy wpisanych tu przez w\u0142a\u015bciciela. Oto pierwsza cz\u0119\u015b\u0107 kalendarzyka&#8230;<\/p>\n","protected":false},"author":1,"featured_media":0,"comment_status":"closed","ping_status":"closed","sticky":false,"template":"","format":"standard","meta":{"footnotes":""},"categories":[5],"tags":[28,173],"class_list":["post-983","post","type-post","status-publish","format-standard","hentry","category-adamscy","tag-antoni-adamski","tag-kalendarzyk"],"_links":{"self":[{"href":"http:\/\/piekarscy.com.pl\/index.php?rest_route=\/wp\/v2\/posts\/983","targetHints":{"allow":["GET"]}}],"collection":[{"href":"http:\/\/piekarscy.com.pl\/index.php?rest_route=\/wp\/v2\/posts"}],"about":[{"href":"http:\/\/piekarscy.com.pl\/index.php?rest_route=\/wp\/v2\/types\/post"}],"author":[{"embeddable":true,"href":"http:\/\/piekarscy.com.pl\/index.php?rest_route=\/wp\/v2\/users\/1"}],"replies":[{"embeddable":true,"href":"http:\/\/piekarscy.com.pl\/index.php?rest_route=%2Fwp%2Fv2%2Fcomments&post=983"}],"version-history":[{"count":4,"href":"http:\/\/piekarscy.com.pl\/index.php?rest_route=\/wp\/v2\/posts\/983\/revisions"}],"predecessor-version":[{"id":1405,"href":"http:\/\/piekarscy.com.pl\/index.php?rest_route=\/wp\/v2\/posts\/983\/revisions\/1405"}],"wp:attachment":[{"href":"http:\/\/piekarscy.com.pl\/index.php?rest_route=%2Fwp%2Fv2%2Fmedia&parent=983"}],"wp:term":[{"taxonomy":"category","embeddable":true,"href":"http:\/\/piekarscy.com.pl\/index.php?rest_route=%2Fwp%2Fv2%2Fcategories&post=983"},{"taxonomy":"post_tag","embeddable":true,"href":"http:\/\/piekarscy.com.pl\/index.php?rest_route=%2Fwp%2Fv2%2Ftags&post=983"}],"curies":[{"name":"wp","href":"https:\/\/api.w.org\/{rel}","templated":true}]}}