{"id":994,"date":"2014-02-05T00:49:25","date_gmt":"2014-02-05T00:49:25","guid":{"rendered":"http:\/\/piekarscy.com.pl\/?p=994"},"modified":"2014-02-06T20:34:42","modified_gmt":"2014-02-06T20:34:42","slug":"kalendarzyk-kieszonkowy-pradziadka-antoniego-rok-1909-cz-2","status":"publish","type":"post","link":"http:\/\/piekarscy.com.pl\/?p=994","title":{"rendered":"Kalendarzyk kieszonkowy pradziadka Antoniego rok 1909 cz. 2"},"content":{"rendered":"<p>Oto druga i ostatnia cz\u0119\u015b\u0107 kalendarzyka pradziadka Antoniego Adamskiego. Ten kalendarzy,m podobnie, jak inne pami\u0105tki po nim, przechowa\u0142a jego zona, a moja prababcia Leokadia Karolina z Przybytkowskich Adamska.<\/p>\n<p><a href=\"http:\/\/piekarscy.com.pl\/wp-content\/uploads\/2014\/01\/kalendarz-1909-9.jpg\"><img loading=\"lazy\" decoding=\"async\" class=\"aligncenter size-medium wp-image-995\" alt=\"kalendarz 1909-9\" src=\"http:\/\/piekarscy.com.pl\/wp-content\/uploads\/2014\/01\/kalendarz-1909-9-300x216.jpg\" width=\"300\" height=\"216\" srcset=\"http:\/\/piekarscy.com.pl\/wp-content\/uploads\/2014\/01\/kalendarz-1909-9-300x216.jpg 300w, http:\/\/piekarscy.com.pl\/wp-content\/uploads\/2014\/01\/kalendarz-1909-9-1024x738.jpg 1024w, http:\/\/piekarscy.com.pl\/wp-content\/uploads\/2014\/01\/kalendarz-1909-9-624x449.jpg 624w\" sizes=\"auto, (max-width: 300px) 100vw, 300px\" \/><\/a> <a href=\"http:\/\/piekarscy.com.pl\/wp-content\/uploads\/2014\/01\/kalendarz-1909-10.jpg\"><img loading=\"lazy\" decoding=\"async\" class=\"aligncenter size-medium wp-image-996\" alt=\"kalendarz 1909-10\" src=\"http:\/\/piekarscy.com.pl\/wp-content\/uploads\/2014\/01\/kalendarz-1909-10-300x214.jpg\" width=\"300\" height=\"214\" srcset=\"http:\/\/piekarscy.com.pl\/wp-content\/uploads\/2014\/01\/kalendarz-1909-10-300x214.jpg 300w, http:\/\/piekarscy.com.pl\/wp-content\/uploads\/2014\/01\/kalendarz-1909-10-1024x732.jpg 1024w, http:\/\/piekarscy.com.pl\/wp-content\/uploads\/2014\/01\/kalendarz-1909-10-624x446.jpg 624w\" sizes=\"auto, (max-width: 300px) 100vw, 300px\" \/><\/a> <a href=\"http:\/\/piekarscy.com.pl\/wp-content\/uploads\/2014\/01\/kalendarz-1909-11.jpg\"><img loading=\"lazy\" decoding=\"async\" class=\"aligncenter size-medium wp-image-997\" alt=\"kalendarz 1909-11\" src=\"http:\/\/piekarscy.com.pl\/wp-content\/uploads\/2014\/01\/kalendarz-1909-11-300x213.jpg\" width=\"300\" height=\"213\" srcset=\"http:\/\/piekarscy.com.pl\/wp-content\/uploads\/2014\/01\/kalendarz-1909-11-300x213.jpg 300w, http:\/\/piekarscy.com.pl\/wp-content\/uploads\/2014\/01\/kalendarz-1909-11-1024x729.jpg 1024w, http:\/\/piekarscy.com.pl\/wp-content\/uploads\/2014\/01\/kalendarz-1909-11-624x444.jpg 624w\" sizes=\"auto, (max-width: 300px) 100vw, 300px\" \/><\/a> <a href=\"http:\/\/piekarscy.com.pl\/wp-content\/uploads\/2014\/01\/kalendarz-1909-12.jpg\"><img loading=\"lazy\" decoding=\"async\" class=\"aligncenter size-medium wp-image-998\" alt=\"kalendarz 1909-12\" src=\"http:\/\/piekarscy.com.pl\/wp-content\/uploads\/2014\/01\/kalendarz-1909-12-300x231.jpg\" width=\"300\" height=\"231\" srcset=\"http:\/\/piekarscy.com.pl\/wp-content\/uploads\/2014\/01\/kalendarz-1909-12-300x231.jpg 300w, http:\/\/piekarscy.com.pl\/wp-content\/uploads\/2014\/01\/kalendarz-1909-12-1024x790.jpg 1024w, http:\/\/piekarscy.com.pl\/wp-content\/uploads\/2014\/01\/kalendarz-1909-12-624x481.jpg 624w\" sizes=\"auto, (max-width: 300px) 100vw, 300px\" \/><\/a> <a href=\"http:\/\/piekarscy.com.pl\/wp-content\/uploads\/2014\/01\/kalendarz-1909-13.jpg\"><img loading=\"lazy\" decoding=\"async\" class=\"aligncenter size-medium wp-image-999\" alt=\"kalendarz 1909-13\" src=\"http:\/\/piekarscy.com.pl\/wp-content\/uploads\/2014\/01\/kalendarz-1909-13-300x217.jpg\" width=\"300\" height=\"217\" srcset=\"http:\/\/piekarscy.com.pl\/wp-content\/uploads\/2014\/01\/kalendarz-1909-13-300x217.jpg 300w, http:\/\/piekarscy.com.pl\/wp-content\/uploads\/2014\/01\/kalendarz-1909-13-1024x743.jpg 1024w, http:\/\/piekarscy.com.pl\/wp-content\/uploads\/2014\/01\/kalendarz-1909-13-624x453.jpg 624w\" sizes=\"auto, (max-width: 300px) 100vw, 300px\" \/><\/a> <a href=\"http:\/\/piekarscy.com.pl\/wp-content\/uploads\/2014\/01\/kalendarz-1909-14.jpg\"><img loading=\"lazy\" decoding=\"async\" class=\"aligncenter size-medium wp-image-1000\" alt=\"kalendarz 1909-14\" src=\"http:\/\/piekarscy.com.pl\/wp-content\/uploads\/2014\/01\/kalendarz-1909-14-300x218.jpg\" width=\"300\" height=\"218\" srcset=\"http:\/\/piekarscy.com.pl\/wp-content\/uploads\/2014\/01\/kalendarz-1909-14-300x218.jpg 300w, http:\/\/piekarscy.com.pl\/wp-content\/uploads\/2014\/01\/kalendarz-1909-14-1024x746.jpg 1024w, http:\/\/piekarscy.com.pl\/wp-content\/uploads\/2014\/01\/kalendarz-1909-14-624x454.jpg 624w\" sizes=\"auto, (max-width: 300px) 100vw, 300px\" \/><\/a> <a href=\"http:\/\/piekarscy.com.pl\/wp-content\/uploads\/2014\/01\/kalendarz-1909-15.jpg\"><img loading=\"lazy\" decoding=\"async\" class=\"aligncenter size-medium wp-image-1001\" alt=\"kalendarz 1909-15\" src=\"http:\/\/piekarscy.com.pl\/wp-content\/uploads\/2014\/01\/kalendarz-1909-15-300x217.jpg\" width=\"300\" height=\"217\" srcset=\"http:\/\/piekarscy.com.pl\/wp-content\/uploads\/2014\/01\/kalendarz-1909-15-300x217.jpg 300w, http:\/\/piekarscy.com.pl\/wp-content\/uploads\/2014\/01\/kalendarz-1909-15-1024x741.jpg 1024w, http:\/\/piekarscy.com.pl\/wp-content\/uploads\/2014\/01\/kalendarz-1909-15-624x451.jpg 624w\" sizes=\"auto, (max-width: 300px) 100vw, 300px\" \/><\/a><\/p>\n","protected":false},"excerpt":{"rendered":"<p>Oto druga i ostatnia cz\u0119\u015b\u0107 kalendarzyka pradziadka Antoniego Adamskiego. Ten kalendarzy,m podobnie, jak inne pami\u0105tki po nim, przechowa\u0142a jego zona, a moja prababcia Leokadia Karolina z Przybytkowskich Adamska.<\/p>\n","protected":false},"author":1,"featured_media":0,"comment_status":"closed","ping_status":"closed","sticky":false,"template":"","format":"standard","meta":{"footnotes":""},"categories":[5,7],"tags":[28,173,27,25,26],"class_list":["post-994","post","type-post","status-publish","format-standard","hentry","category-adamscy","category-przybytkowscy","tag-antoni-adamski","tag-kalendarzyk","tag-leokadia-karolina-adamska","tag-leokadia-karolina-przybytkowska","tag-leokadia-karolina-z-przybytkowskich-adamska"],"_links":{"self":[{"href":"http:\/\/piekarscy.com.pl\/index.php?rest_route=\/wp\/v2\/posts\/994","targetHints":{"allow":["GET"]}}],"collection":[{"href":"http:\/\/piekarscy.com.pl\/index.php?rest_route=\/wp\/v2\/posts"}],"about":[{"href":"http:\/\/piekarscy.com.pl\/index.php?rest_route=\/wp\/v2\/types\/post"}],"author":[{"embeddable":true,"href":"http:\/\/piekarscy.com.pl\/index.php?rest_route=\/wp\/v2\/users\/1"}],"replies":[{"embeddable":true,"href":"http:\/\/piekarscy.com.pl\/index.php?rest_route=%2Fwp%2Fv2%2Fcomments&post=994"}],"version-history":[{"count":4,"href":"http:\/\/piekarscy.com.pl\/index.php?rest_route=\/wp\/v2\/posts\/994\/revisions"}],"predecessor-version":[{"id":1402,"href":"http:\/\/piekarscy.com.pl\/index.php?rest_route=\/wp\/v2\/posts\/994\/revisions\/1402"}],"wp:attachment":[{"href":"http:\/\/piekarscy.com.pl\/index.php?rest_route=%2Fwp%2Fv2%2Fmedia&parent=994"}],"wp:term":[{"taxonomy":"category","embeddable":true,"href":"http:\/\/piekarscy.com.pl\/index.php?rest_route=%2Fwp%2Fv2%2Fcategories&post=994"},{"taxonomy":"post_tag","embeddable":true,"href":"http:\/\/piekarscy.com.pl\/index.php?rest_route=%2Fwp%2Fv2%2Ftags&post=994"}],"curies":[{"name":"wp","href":"https:\/\/api.w.org\/{rel}","templated":true}]}}